{"id":4726,"date":"2026-04-29T20:55:26","date_gmt":"2026-04-29T20:55:26","guid":{"rendered":"https:\/\/fcjk.me\/?post_type=news&#038;p=4726"},"modified":"2026-04-29T20:57:27","modified_gmt":"2026-04-29T20:57:27","slug":"nj-e-johann-sattler-ambasador-evropske-unije-u-crnoj-gori-na-fcjk","status":"publish","type":"news","link":"https:\/\/fcjk.me\/en\/news\/nj-e-johann-sattler-ambasador-evropske-unije-u-crnoj-gori-na-fcjk\/","title":{"rendered":"NJ. E. Johann Sattler, ambasador Evropske unije u Crnoj Gori na FCJK"},"content":{"rendered":"<p>Dana 17. aprila imali smo \u010dast da ugostimo NJ. E. Johanna Sattlera, ambasadora Evropske unije u Crnoj Gori, koji nas je po\u015betio u dru\u0161tvu novinarke, dopisnice za jugoisto\u010dnu Evropu i Zapadni Balkan, Franziske Tschinderle.<\/p>\n\n\n\n<p>Bio je ovo izuzetno vrijedan susret i prilika za otvoren razgovor o brojnim aktuelnim temama.<\/p>\n\n\n\n<figure class=\"wp-block-gallery has-nested-images columns-default is-cropped wp-block-gallery-1 is-layout-flex wp-block-gallery-is-layout-flex\">\n<figure class=\"wp-block-image size-large\"><img loading=\"lazy\" decoding=\"async\" width=\"1024\" height=\"576\" data-id=\"4732\" src=\"https:\/\/fcjk.me\/wp-content\/uploads\/2026\/04\/670272935_18435177847188478_8962482043800010608_n-1024x576.jpg\" alt=\"\" class=\"wp-image-4732\" srcset=\"https:\/\/fcjk.me\/wp-content\/uploads\/2026\/04\/670272935_18435177847188478_8962482043800010608_n-1024x576.jpg 1024w, https:\/\/fcjk.me\/wp-content\/uploads\/2026\/04\/670272935_18435177847188478_8962482043800010608_n-300x169.jpg 300w, https:\/\/fcjk.me\/wp-content\/uploads\/2026\/04\/670272935_18435177847188478_8962482043800010608_n-768x432.jpg 768w, https:\/\/fcjk.me\/wp-content\/uploads\/2026\/04\/670272935_18435177847188478_8962482043800010608_n-18x10.jpg 18w, https:\/\/fcjk.me\/wp-content\/uploads\/2026\/04\/670272935_18435177847188478_8962482043800010608_n.jpg 1080w\" sizes=\"(max-width: 1024px) 100vw, 1024px\" \/><\/figure>\n\n\n\n<figure class=\"wp-block-image size-large\"><img loading=\"lazy\" decoding=\"async\" width=\"1024\" height=\"576\" data-id=\"4730\" src=\"https:\/\/fcjk.me\/wp-content\/uploads\/2026\/04\/670458805_18435177838188478_2363852136354135641_n-1024x576.jpg\" alt=\"\" class=\"wp-image-4730\" srcset=\"https:\/\/fcjk.me\/wp-content\/uploads\/2026\/04\/670458805_18435177838188478_2363852136354135641_n-1024x576.jpg 1024w, https:\/\/fcjk.me\/wp-content\/uploads\/2026\/04\/670458805_18435177838188478_2363852136354135641_n-300x169.jpg 300w, https:\/\/fcjk.me\/wp-content\/uploads\/2026\/04\/670458805_18435177838188478_2363852136354135641_n-768x432.jpg 768w, https:\/\/fcjk.me\/wp-content\/uploads\/2026\/04\/670458805_18435177838188478_2363852136354135641_n-18x10.jpg 18w, https:\/\/fcjk.me\/wp-content\/uploads\/2026\/04\/670458805_18435177838188478_2363852136354135641_n.jpg 1080w\" sizes=\"(max-width: 1024px) 100vw, 1024px\" \/><\/figure>\n\n\n\n<figure class=\"wp-block-image size-large\"><img loading=\"lazy\" decoding=\"async\" width=\"1024\" height=\"576\" data-id=\"4728\" src=\"https:\/\/fcjk.me\/wp-content\/uploads\/2026\/04\/670735179_18435177811188478_22308459182042298_n-1024x576.jpg\" alt=\"\" class=\"wp-image-4728\" srcset=\"https:\/\/fcjk.me\/wp-content\/uploads\/2026\/04\/670735179_18435177811188478_22308459182042298_n-1024x576.jpg 1024w, https:\/\/fcjk.me\/wp-content\/uploads\/2026\/04\/670735179_18435177811188478_22308459182042298_n-300x169.jpg 300w, https:\/\/fcjk.me\/wp-content\/uploads\/2026\/04\/670735179_18435177811188478_22308459182042298_n-768x432.jpg 768w, https:\/\/fcjk.me\/wp-content\/uploads\/2026\/04\/670735179_18435177811188478_22308459182042298_n-18x10.jpg 18w, https:\/\/fcjk.me\/wp-content\/uploads\/2026\/04\/670735179_18435177811188478_22308459182042298_n.jpg 1080w\" sizes=\"(max-width: 1024px) 100vw, 1024px\" \/><\/figure>\n\n\n\n<figure class=\"wp-block-image size-large\"><img loading=\"lazy\" decoding=\"async\" width=\"1024\" height=\"576\" data-id=\"4729\" src=\"https:\/\/fcjk.me\/wp-content\/uploads\/2026\/04\/671784214_18435177820188478_6090337022091205162_n-1024x576.jpg\" alt=\"\" class=\"wp-image-4729\" srcset=\"https:\/\/fcjk.me\/wp-content\/uploads\/2026\/04\/671784214_18435177820188478_6090337022091205162_n-1024x576.jpg 1024w, https:\/\/fcjk.me\/wp-content\/uploads\/2026\/04\/671784214_18435177820188478_6090337022091205162_n-300x169.jpg 300w, https:\/\/fcjk.me\/wp-content\/uploads\/2026\/04\/671784214_18435177820188478_6090337022091205162_n-768x432.jpg 768w, https:\/\/fcjk.me\/wp-content\/uploads\/2026\/04\/671784214_18435177820188478_6090337022091205162_n-18x10.jpg 18w, https:\/\/fcjk.me\/wp-content\/uploads\/2026\/04\/671784214_18435177820188478_6090337022091205162_n.jpg 1080w\" sizes=\"(max-width: 1024px) 100vw, 1024px\" \/><\/figure>\n\n\n\n<figure class=\"wp-block-image size-large\"><img loading=\"lazy\" decoding=\"async\" width=\"1024\" height=\"576\" data-id=\"4727\" src=\"https:\/\/fcjk.me\/wp-content\/uploads\/2026\/04\/674521421_18435177829188478_9010598581865940919_n-1024x576.jpg\" alt=\"\" class=\"wp-image-4727\" srcset=\"https:\/\/fcjk.me\/wp-content\/uploads\/2026\/04\/674521421_18435177829188478_9010598581865940919_n-1024x576.jpg 1024w, https:\/\/fcjk.me\/wp-content\/uploads\/2026\/04\/674521421_18435177829188478_9010598581865940919_n-300x169.jpg 300w, https:\/\/fcjk.me\/wp-content\/uploads\/2026\/04\/674521421_18435177829188478_9010598581865940919_n-768x432.jpg 768w, https:\/\/fcjk.me\/wp-content\/uploads\/2026\/04\/674521421_18435177829188478_9010598581865940919_n-18x10.jpg 18w, https:\/\/fcjk.me\/wp-content\/uploads\/2026\/04\/674521421_18435177829188478_9010598581865940919_n.jpg 1080w\" sizes=\"(max-width: 1024px) 100vw, 1024px\" \/><\/figure>\n<\/figure>","protected":false},"featured_media":4732,"template":"","categories":[],"tags":[],"yoast_head":"<!-- This site is optimized with the Yoast SEO plugin v22.4 - https:\/\/yoast.com\/wordpress\/plugins\/seo\/ -->\n<title>NJ. E. Johann Sattler, ambasador Evropske unije u Crnoj Gori na FCJK - FCJK<\/title>\n<meta name=\"robots\" content=\"index, follow, max-snippet:-1, max-image-preview:large, max-video-preview:-1\" \/>\n<link rel=\"canonical\" href=\"https:\/\/fcjk.me\/en\/news\/nj-e-johann-sattler-ambasador-evropske-unije-u-crnoj-gori-na-fcjk\/\" \/>\n<meta property=\"og:locale\" content=\"en_GB\" \/>\n<meta property=\"og:type\" content=\"article\" \/>\n<meta property=\"og:title\" content=\"NJ. E. Johann Sattler, ambasador Evropske unije u Crnoj Gori na FCJK - FCJK\" \/>\n<meta property=\"og:description\" content=\"Dana 17. aprila imali smo \u010dast da ugostimo NJ. E. Johanna Sattlera, ambasadora Evropske unije u Crnoj Gori, koji nas je po\u015betio u dru\u0161tvu novinarke, dopisnice za jugoisto\u010dnu Evropu i Zapadni Balkan, Franziske Tschinderle. Bio je ovo izuzetno vrijedan susret i prilika za otvoren razgovor o brojnim aktuelnim temama.\" \/>\n<meta property=\"og:url\" content=\"https:\/\/fcjk.me\/en\/news\/nj-e-johann-sattler-ambasador-evropske-unije-u-crnoj-gori-na-fcjk\/\" \/>\n<meta property=\"og:site_name\" content=\"FCJK\" \/>\n<meta property=\"article:publisher\" content=\"https:\/\/www.facebook.com\/StudirajCrnogorski\" \/>\n<meta property=\"article:modified_time\" content=\"2026-04-29T20:57:27+00:00\" \/>\n<meta property=\"og:image\" content=\"https:\/\/fcjk.me\/wp-content\/uploads\/2026\/04\/670272935_18435177847188478_8962482043800010608_n.jpg\" \/>\n\t<meta property=\"og:image:width\" content=\"1080\" \/>\n\t<meta property=\"og:image:height\" content=\"607\" \/>\n\t<meta property=\"og:image:type\" content=\"image\/jpeg\" \/>\n<meta name=\"twitter:card\" content=\"summary_large_image\" \/>\n<meta name=\"twitter:label1\" content=\"Estimated reading time\" \/>\n\t<meta name=\"twitter:data1\" content=\"2 minutes\" \/>\n<script type=\"application\/ld+json\" class=\"yoast-schema-graph\">{\"@context\":\"https:\/\/schema.org\",\"@graph\":[{\"@type\":\"WebPage\",\"@id\":\"https:\/\/fcjk.me\/news\/nj-e-johann-sattler-ambasador-evropske-unije-u-crnoj-gori-na-fcjk\/\",\"url\":\"https:\/\/fcjk.me\/news\/nj-e-johann-sattler-ambasador-evropske-unije-u-crnoj-gori-na-fcjk\/\",\"name\":\"NJ. E. Johann Sattler, ambasador Evropske unije u Crnoj Gori na FCJK - FCJK\",\"isPartOf\":{\"@id\":\"https:\/\/fcjk.me\/#website\"},\"primaryImageOfPage\":{\"@id\":\"https:\/\/fcjk.me\/news\/nj-e-johann-sattler-ambasador-evropske-unije-u-crnoj-gori-na-fcjk\/#primaryimage\"},\"image\":{\"@id\":\"https:\/\/fcjk.me\/news\/nj-e-johann-sattler-ambasador-evropske-unije-u-crnoj-gori-na-fcjk\/#primaryimage\"},\"thumbnailUrl\":\"https:\/\/fcjk.me\/wp-content\/uploads\/2026\/04\/670272935_18435177847188478_8962482043800010608_n.jpg\",\"datePublished\":\"2026-04-29T20:55:26+00:00\",\"dateModified\":\"2026-04-29T20:57:27+00:00\",\"breadcrumb\":{\"@id\":\"https:\/\/fcjk.me\/news\/nj-e-johann-sattler-ambasador-evropske-unije-u-crnoj-gori-na-fcjk\/#breadcrumb\"},\"inLanguage\":\"en-GB\",\"potentialAction\":[{\"@type\":\"ReadAction\",\"target\":[\"https:\/\/fcjk.me\/news\/nj-e-johann-sattler-ambasador-evropske-unije-u-crnoj-gori-na-fcjk\/\"]}]},{\"@type\":\"ImageObject\",\"inLanguage\":\"en-GB\",\"@id\":\"https:\/\/fcjk.me\/news\/nj-e-johann-sattler-ambasador-evropske-unije-u-crnoj-gori-na-fcjk\/#primaryimage\",\"url\":\"https:\/\/fcjk.me\/wp-content\/uploads\/2026\/04\/670272935_18435177847188478_8962482043800010608_n.jpg\",\"contentUrl\":\"https:\/\/fcjk.me\/wp-content\/uploads\/2026\/04\/670272935_18435177847188478_8962482043800010608_n.jpg\",\"width\":1080,\"height\":607},{\"@type\":\"BreadcrumbList\",\"@id\":\"https:\/\/fcjk.me\/news\/nj-e-johann-sattler-ambasador-evropske-unije-u-crnoj-gori-na-fcjk\/#breadcrumb\",\"itemListElement\":[{\"@type\":\"ListItem\",\"position\":1,\"name\":\"Home\",\"item\":\"https:\/\/fcjk.me\/\"},{\"@type\":\"ListItem\",\"position\":2,\"name\":\"FCJK News\",\"item\":\"https:\/\/fcjk.me\/news\/\"},{\"@type\":\"ListItem\",\"position\":3,\"name\":\"NJ. E. Johann Sattler, ambasador Evropske unije u Crnoj Gori na FCJK\"}]},{\"@type\":\"WebSite\",\"@id\":\"https:\/\/fcjk.me\/#website\",\"url\":\"https:\/\/fcjk.me\/\",\"name\":\"FCJK\",\"description\":\"Fakultet za Crnogorski jezik i knji\u017eevnost\",\"publisher\":{\"@id\":\"https:\/\/fcjk.me\/#organization\"},\"potentialAction\":[{\"@type\":\"SearchAction\",\"target\":{\"@type\":\"EntryPoint\",\"urlTemplate\":\"https:\/\/fcjk.me\/?s={search_term_string}\"},\"query-input\":\"required name=search_term_string\"}],\"inLanguage\":\"en-GB\"},{\"@type\":\"Organization\",\"@id\":\"https:\/\/fcjk.me\/#organization\",\"name\":\"FCJK\",\"url\":\"https:\/\/fcjk.me\/\",\"logo\":{\"@type\":\"ImageObject\",\"inLanguage\":\"en-GB\",\"@id\":\"https:\/\/fcjk.me\/#\/schema\/logo\/image\/\",\"url\":\"https:\/\/fcjk.me\/wp-content\/uploads\/2024\/01\/Vector.svg\",\"contentUrl\":\"https:\/\/fcjk.me\/wp-content\/uploads\/2024\/01\/Vector.svg\",\"width\":1622,\"height\":406,\"caption\":\"FCJK\"},\"image\":{\"@id\":\"https:\/\/fcjk.me\/#\/schema\/logo\/image\/\"},\"sameAs\":[\"https:\/\/www.facebook.com\/StudirajCrnogorski\",\"https:\/\/www.instagram.com\/fcjk.me\/\",\"https:\/\/www.youtube.com\/@fcjk\"]}]}<\/script>\n<!-- \/ Yoast SEO plugin. -->","yoast_head_json":{"title":"NJ. E. Johann Sattler, ambasador Evropske unije u Crnoj Gori na FCJK - FCJK","robots":{"index":"index","follow":"follow","max-snippet":"max-snippet:-1","max-image-preview":"max-image-preview:large","max-video-preview":"max-video-preview:-1"},"canonical":"https:\/\/fcjk.me\/en\/news\/nj-e-johann-sattler-ambasador-evropske-unije-u-crnoj-gori-na-fcjk\/","og_locale":"en_GB","og_type":"article","og_title":"NJ. E. Johann Sattler, ambasador Evropske unije u Crnoj Gori na FCJK - FCJK","og_description":"Dana 17. aprila imali smo \u010dast da ugostimo NJ. E. Johanna Sattlera, ambasadora Evropske unije u Crnoj Gori, koji nas je po\u015betio u dru\u0161tvu novinarke, dopisnice za jugoisto\u010dnu Evropu i Zapadni Balkan, Franziske Tschinderle. Bio je ovo izuzetno vrijedan susret i prilika za otvoren razgovor o brojnim aktuelnim temama.","og_url":"https:\/\/fcjk.me\/en\/news\/nj-e-johann-sattler-ambasador-evropske-unije-u-crnoj-gori-na-fcjk\/","og_site_name":"FCJK","article_publisher":"https:\/\/www.facebook.com\/StudirajCrnogorski","article_modified_time":"2026-04-29T20:57:27+00:00","og_image":[{"width":1080,"height":607,"url":"https:\/\/fcjk.me\/wp-content\/uploads\/2026\/04\/670272935_18435177847188478_8962482043800010608_n.jpg","type":"image\/jpeg"}],"twitter_card":"summary_large_image","twitter_misc":{"Estimated reading time":"2 minutes"},"schema":{"@context":"https:\/\/schema.org","@graph":[{"@type":"WebPage","@id":"https:\/\/fcjk.me\/news\/nj-e-johann-sattler-ambasador-evropske-unije-u-crnoj-gori-na-fcjk\/","url":"https:\/\/fcjk.me\/news\/nj-e-johann-sattler-ambasador-evropske-unije-u-crnoj-gori-na-fcjk\/","name":"NJ. E. Johann Sattler, ambasador Evropske unije u Crnoj Gori na FCJK - FCJK","isPartOf":{"@id":"https:\/\/fcjk.me\/#website"},"primaryImageOfPage":{"@id":"https:\/\/fcjk.me\/news\/nj-e-johann-sattler-ambasador-evropske-unije-u-crnoj-gori-na-fcjk\/#primaryimage"},"image":{"@id":"https:\/\/fcjk.me\/news\/nj-e-johann-sattler-ambasador-evropske-unije-u-crnoj-gori-na-fcjk\/#primaryimage"},"thumbnailUrl":"https:\/\/fcjk.me\/wp-content\/uploads\/2026\/04\/670272935_18435177847188478_8962482043800010608_n.jpg","datePublished":"2026-04-29T20:55:26+00:00","dateModified":"2026-04-29T20:57:27+00:00","breadcrumb":{"@id":"https:\/\/fcjk.me\/news\/nj-e-johann-sattler-ambasador-evropske-unije-u-crnoj-gori-na-fcjk\/#breadcrumb"},"inLanguage":"en-GB","potentialAction":[{"@type":"ReadAction","target":["https:\/\/fcjk.me\/news\/nj-e-johann-sattler-ambasador-evropske-unije-u-crnoj-gori-na-fcjk\/"]}]},{"@type":"ImageObject","inLanguage":"en-GB","@id":"https:\/\/fcjk.me\/news\/nj-e-johann-sattler-ambasador-evropske-unije-u-crnoj-gori-na-fcjk\/#primaryimage","url":"https:\/\/fcjk.me\/wp-content\/uploads\/2026\/04\/670272935_18435177847188478_8962482043800010608_n.jpg","contentUrl":"https:\/\/fcjk.me\/wp-content\/uploads\/2026\/04\/670272935_18435177847188478_8962482043800010608_n.jpg","width":1080,"height":607},{"@type":"BreadcrumbList","@id":"https:\/\/fcjk.me\/news\/nj-e-johann-sattler-ambasador-evropske-unije-u-crnoj-gori-na-fcjk\/#breadcrumb","itemListElement":[{"@type":"ListItem","position":1,"name":"Home","item":"https:\/\/fcjk.me\/"},{"@type":"ListItem","position":2,"name":"FCJK News","item":"https:\/\/fcjk.me\/news\/"},{"@type":"ListItem","position":3,"name":"NJ. E. Johann Sattler, ambasador Evropske unije u Crnoj Gori na FCJK"}]},{"@type":"WebSite","@id":"https:\/\/fcjk.me\/#website","url":"https:\/\/fcjk.me\/","name":"FCJK","description":"Fakultet za Crnogorski jezik i knji\u017eevnost","publisher":{"@id":"https:\/\/fcjk.me\/#organization"},"potentialAction":[{"@type":"SearchAction","target":{"@type":"EntryPoint","urlTemplate":"https:\/\/fcjk.me\/?s={search_term_string}"},"query-input":"required name=search_term_string"}],"inLanguage":"en-GB"},{"@type":"Organization","@id":"https:\/\/fcjk.me\/#organization","name":"FCJK","url":"https:\/\/fcjk.me\/","logo":{"@type":"ImageObject","inLanguage":"en-GB","@id":"https:\/\/fcjk.me\/#\/schema\/logo\/image\/","url":"https:\/\/fcjk.me\/wp-content\/uploads\/2024\/01\/Vector.svg","contentUrl":"https:\/\/fcjk.me\/wp-content\/uploads\/2024\/01\/Vector.svg","width":1622,"height":406,"caption":"FCJK"},"image":{"@id":"https:\/\/fcjk.me\/#\/schema\/logo\/image\/"},"sameAs":["https:\/\/www.facebook.com\/StudirajCrnogorski","https:\/\/www.instagram.com\/fcjk.me\/","https:\/\/www.youtube.com\/@fcjk"]}]}},"_links":{"self":[{"href":"https:\/\/fcjk.me\/en\/wp-json\/wp\/v2\/news\/4726"}],"collection":[{"href":"https:\/\/fcjk.me\/en\/wp-json\/wp\/v2\/news"}],"about":[{"href":"https:\/\/fcjk.me\/en\/wp-json\/wp\/v2\/types\/news"}],"wp:featuredmedia":[{"embeddable":true,"href":"https:\/\/fcjk.me\/en\/wp-json\/wp\/v2\/media\/4732"}],"wp:attachment":[{"href":"https:\/\/fcjk.me\/en\/wp-json\/wp\/v2\/media?parent=4726"}],"wp:term":[{"taxonomy":"category","embeddable":true,"href":"https:\/\/fcjk.me\/en\/wp-json\/wp\/v2\/categories?post=4726"},{"taxonomy":"post_tag","embeddable":true,"href":"https:\/\/fcjk.me\/en\/wp-json\/wp\/v2\/tags?post=4726"}],"curies":[{"name":"wp","href":"https:\/\/api.w.org\/{rel}","templated":true}]}}