{"id":3328,"date":"2025-10-30T12:21:41","date_gmt":"2025-10-30T12:21:41","guid":{"rendered":"https:\/\/fcjk.me\/?post_type=news&#038;p=3328"},"modified":"2025-10-30T12:21:42","modified_gmt":"2025-10-30T12:21:42","slug":"na-filozofskom-fakultetu-u-osijeku-odrzan-dan-secanja-na-akademika-milorada-nikcevica","status":"publish","type":"news","link":"https:\/\/fcjk.me\/en\/news\/na-filozofskom-fakultetu-u-osijeku-odrzan-dan-secanja-na-akademika-milorada-nikcevica\/","title":{"rendered":"Na Filozofskom fakultetu u Osijeku odr\u017ean Dan \u015be\u0107anja na akademika Milorada Nik\u010devi\u0107a"},"content":{"rendered":"<p><\/p>\n\n\n\n<p>V. d. dekana Filozofskoga fakulteta u Osijeku prof. dr Kre\u0161imir \u0160imi\u0107 pozdravio je u\u010desnike uime doma\u0107ina \u2013 Filozofskoga fakulteta u Osijeku \u2013 kojemu je akademik Nik\u010devi\u0107 darovao najljep\u0161e godine svoga \u017eivota (1986 \u2013 2011). Profesor \u0160imi\u0107 profilirao je Milorada Nik\u010devi\u0107a kao uva\u017eenoga i me\u0111u studentima omiljenoga profesora te knji\u017eevnoga nau\u010dnika koji je jednako zadu\u017eio obje svoje domovine \u2013 Crnu Goru i Hrvatsku.<\/p>\n\n\n\n<p>V. d.  dekanice Odsjeka za kroatistiku doc. dr Vera Bla\u017eevi\u0107 Krezi\u0107 podsjetila je na Nik\u010devi\u0107ev anga\u017eman u okviru Odsjeka za hrvatski jezik i knji\u017eevnost \u0111e je predavao predmete <em>Metodika jezika i knji\u017eevnosti, Metodologija znanstvenog rada\u00a0<\/em>i<em>\u00a0Metodika nastave knji\u017eevnosti<\/em>.<\/p>\n\n\n\n<p>U nau\u010dnom dijelu skupa profesori Fakulteta za crnogorski jezik i knji\u017eevnost prof. dr. Adnan \u010cirgi\u0107 i prof. dr Aleksandar Radoman  govorili su o Nik\u010devi\u0107evu nau\u010dnom, nastavno-stru\u010dnom \u00a0i kulturno-politi\u010dkom doprinosu Crnoj Gori. <\/p>\n\n\n\n<p>Profesorovi najbli\u017ei saradnici s osje\u010dkoga Filozofskoga fakulteta \u2013 prof. dr. Milica Luki\u0107 i prof. dr Jakov Sablji\u0107 \u2013 podsjetili su nas na njegov antiratni anga\u017eman i neizostavne izraze kojima se vrednovao Nik\u010devi\u0107ev rad. <\/p>\n\n\n\n<p>Sve\u010danost je uveli\u010dala Njegova Ekselencija Dejan Vukovi\u0107 \u2013 veleposlanik Crne Gore u Republici Hrvatskoj, a okupljenima su se obratili i pred\u015bednici crnogorskih kulturnih dru\u0161tava u Republici Hrvatskoj: Alija \u0160ukurica, pred\u015bednik Dru\u0161tva Crnogoraca i prijatelja Crne Gore \u00bbMontenegro\u00ab Zagreb, te Sini\u0161a Popovi\u0107, pred\u015bednik Crnogorskoga kulturnog dru\u0161tva \u00bbMontenegro-Montenegrina\u00ab Osje\u010dko-baranjske \u017eupanije.<\/p>\n\n\n\n<figure class=\"wp-block-gallery has-nested-images columns-default is-cropped wp-block-gallery-1 is-layout-flex wp-block-gallery-is-layout-flex\">\n<figure class=\"wp-block-image size-large\"><img loading=\"lazy\" decoding=\"async\" width=\"1024\" height=\"683\" data-id=\"3329\" src=\"https:\/\/fcjk.me\/wp-content\/uploads\/2025\/10\/milica-3-1024x683.jpg\" alt=\"\" class=\"wp-image-3329\" srcset=\"https:\/\/fcjk.me\/wp-content\/uploads\/2025\/10\/milica-3-1024x683.jpg 1024w, https:\/\/fcjk.me\/wp-content\/uploads\/2025\/10\/milica-3-300x200.jpg 300w, https:\/\/fcjk.me\/wp-content\/uploads\/2025\/10\/milica-3-768x512.jpg 768w, https:\/\/fcjk.me\/wp-content\/uploads\/2025\/10\/milica-3-1536x1024.jpg 1536w, https:\/\/fcjk.me\/wp-content\/uploads\/2025\/10\/milica-3-18x12.jpg 18w, https:\/\/fcjk.me\/wp-content\/uploads\/2025\/10\/milica-3.jpg 2048w\" sizes=\"(max-width: 1024px) 100vw, 1024px\" \/><\/figure>\n\n\n\n<figure class=\"wp-block-image size-large\"><img loading=\"lazy\" decoding=\"async\" width=\"768\" height=\"1024\" data-id=\"3330\" src=\"https:\/\/fcjk.me\/wp-content\/uploads\/2025\/10\/milica2-768x1024.jpg\" alt=\"\" class=\"wp-image-3330\" srcset=\"https:\/\/fcjk.me\/wp-content\/uploads\/2025\/10\/milica2-768x1024.jpg 768w, https:\/\/fcjk.me\/wp-content\/uploads\/2025\/10\/milica2-225x300.jpg 225w, https:\/\/fcjk.me\/wp-content\/uploads\/2025\/10\/milica2-1152x1536.jpg 1152w, https:\/\/fcjk.me\/wp-content\/uploads\/2025\/10\/milica2-9x12.jpg 9w, https:\/\/fcjk.me\/wp-content\/uploads\/2025\/10\/milica2.jpg 1536w\" sizes=\"(max-width: 768px) 100vw, 768px\" \/><\/figure>\n\n\n\n<figure class=\"wp-block-image size-large\"><img loading=\"lazy\" decoding=\"async\" width=\"1024\" height=\"683\" data-id=\"3332\" src=\"https:\/\/fcjk.me\/wp-content\/uploads\/2025\/10\/milica1-1024x683.jpg\" alt=\"\" class=\"wp-image-3332\" srcset=\"https:\/\/fcjk.me\/wp-content\/uploads\/2025\/10\/milica1-1024x683.jpg 1024w, https:\/\/fcjk.me\/wp-content\/uploads\/2025\/10\/milica1-300x200.jpg 300w, https:\/\/fcjk.me\/wp-content\/uploads\/2025\/10\/milica1-768x512.jpg 768w, https:\/\/fcjk.me\/wp-content\/uploads\/2025\/10\/milica1-1536x1024.jpg 1536w, https:\/\/fcjk.me\/wp-content\/uploads\/2025\/10\/milica1-18x12.jpg 18w, https:\/\/fcjk.me\/wp-content\/uploads\/2025\/10\/milica1.jpg 2048w\" sizes=\"(max-width: 1024px) 100vw, 1024px\" \/><\/figure>\n\n\n\n<figure class=\"wp-block-image size-large\"><img loading=\"lazy\" decoding=\"async\" width=\"768\" height=\"1024\" data-id=\"3331\" src=\"https:\/\/fcjk.me\/wp-content\/uploads\/2025\/10\/milica-768x1024.jpg\" alt=\"\" class=\"wp-image-3331\" srcset=\"https:\/\/fcjk.me\/wp-content\/uploads\/2025\/10\/milica-768x1024.jpg 768w, https:\/\/fcjk.me\/wp-content\/uploads\/2025\/10\/milica-225x300.jpg 225w, https:\/\/fcjk.me\/wp-content\/uploads\/2025\/10\/milica-1152x1536.jpg 1152w, https:\/\/fcjk.me\/wp-content\/uploads\/2025\/10\/milica-9x12.jpg 9w, https:\/\/fcjk.me\/wp-content\/uploads\/2025\/10\/milica.jpg 1536w\" sizes=\"(max-width: 768px) 100vw, 768px\" \/><\/figure>\n<\/figure>","protected":false},"featured_media":3331,"template":"","categories":[],"tags":[],"yoast_head":"<!-- This site is optimized with the Yoast SEO plugin v22.4 - https:\/\/yoast.com\/wordpress\/plugins\/seo\/ -->\n<title>Na Filozofskom fakultetu u Osijeku odr\u017ean Dan \u015be\u0107anja na akademika Milorada Nik\u010devi\u0107a - FCJK<\/title>\n<meta name=\"robots\" content=\"index, follow, max-snippet:-1, max-image-preview:large, max-video-preview:-1\" \/>\n<link rel=\"canonical\" href=\"https:\/\/fcjk.me\/en\/news\/na-filozofskom-fakultetu-u-osijeku-odrzan-dan-secanja-na-akademika-milorada-nikcevica\/\" \/>\n<meta property=\"og:locale\" content=\"en_GB\" \/>\n<meta property=\"og:type\" content=\"article\" \/>\n<meta property=\"og:title\" content=\"Na Filozofskom fakultetu u Osijeku odr\u017ean Dan \u015be\u0107anja na akademika Milorada Nik\u010devi\u0107a - FCJK\" \/>\n<meta property=\"og:description\" content=\"V. d. dekana Filozofskoga fakulteta u Osijeku prof. dr Kre\u0161imir \u0160imi\u0107 pozdravio je u\u010desnike uime doma\u0107ina \u2013 Filozofskoga fakulteta u Osijeku \u2013 kojemu je akademik Nik\u010devi\u0107 darovao najljep\u0161e godine svoga \u017eivota (1986 \u2013 2011). Profesor \u0160imi\u0107 profilirao je Milorada Nik\u010devi\u0107a kao uva\u017eenoga i me\u0111u studentima omiljenoga profesora te knji\u017eevnoga nau\u010dnika...\" \/>\n<meta property=\"og:url\" content=\"https:\/\/fcjk.me\/en\/news\/na-filozofskom-fakultetu-u-osijeku-odrzan-dan-secanja-na-akademika-milorada-nikcevica\/\" \/>\n<meta property=\"og:site_name\" content=\"FCJK\" \/>\n<meta property=\"article:publisher\" content=\"https:\/\/www.facebook.com\/StudirajCrnogorski\" \/>\n<meta property=\"article:modified_time\" content=\"2025-10-30T12:21:42+00:00\" \/>\n<meta property=\"og:image\" content=\"https:\/\/fcjk.me\/wp-content\/uploads\/2025\/10\/milica.jpg\" \/>\n\t<meta property=\"og:image:width\" content=\"1536\" \/>\n\t<meta property=\"og:image:height\" content=\"2048\" \/>\n\t<meta property=\"og:image:type\" content=\"image\/jpeg\" \/>\n<meta name=\"twitter:card\" content=\"summary_large_image\" \/>\n<meta name=\"twitter:label1\" content=\"Estimated reading time\" \/>\n\t<meta name=\"twitter:data1\" content=\"2 minutes\" \/>\n<script type=\"application\/ld+json\" class=\"yoast-schema-graph\">{\"@context\":\"https:\/\/schema.org\",\"@graph\":[{\"@type\":\"WebPage\",\"@id\":\"https:\/\/fcjk.me\/news\/na-filozofskom-fakultetu-u-osijeku-odrzan-dan-secanja-na-akademika-milorada-nikcevica\/\",\"url\":\"https:\/\/fcjk.me\/news\/na-filozofskom-fakultetu-u-osijeku-odrzan-dan-secanja-na-akademika-milorada-nikcevica\/\",\"name\":\"Na Filozofskom fakultetu u Osijeku odr\u017ean Dan \u015be\u0107anja na akademika Milorada Nik\u010devi\u0107a - FCJK\",\"isPartOf\":{\"@id\":\"https:\/\/fcjk.me\/#website\"},\"primaryImageOfPage\":{\"@id\":\"https:\/\/fcjk.me\/news\/na-filozofskom-fakultetu-u-osijeku-odrzan-dan-secanja-na-akademika-milorada-nikcevica\/#primaryimage\"},\"image\":{\"@id\":\"https:\/\/fcjk.me\/news\/na-filozofskom-fakultetu-u-osijeku-odrzan-dan-secanja-na-akademika-milorada-nikcevica\/#primaryimage\"},\"thumbnailUrl\":\"https:\/\/fcjk.me\/wp-content\/uploads\/2025\/10\/milica.jpg\",\"datePublished\":\"2025-10-30T12:21:41+00:00\",\"dateModified\":\"2025-10-30T12:21:42+00:00\",\"breadcrumb\":{\"@id\":\"https:\/\/fcjk.me\/news\/na-filozofskom-fakultetu-u-osijeku-odrzan-dan-secanja-na-akademika-milorada-nikcevica\/#breadcrumb\"},\"inLanguage\":\"en-GB\",\"potentialAction\":[{\"@type\":\"ReadAction\",\"target\":[\"https:\/\/fcjk.me\/news\/na-filozofskom-fakultetu-u-osijeku-odrzan-dan-secanja-na-akademika-milorada-nikcevica\/\"]}]},{\"@type\":\"ImageObject\",\"inLanguage\":\"en-GB\",\"@id\":\"https:\/\/fcjk.me\/news\/na-filozofskom-fakultetu-u-osijeku-odrzan-dan-secanja-na-akademika-milorada-nikcevica\/#primaryimage\",\"url\":\"https:\/\/fcjk.me\/wp-content\/uploads\/2025\/10\/milica.jpg\",\"contentUrl\":\"https:\/\/fcjk.me\/wp-content\/uploads\/2025\/10\/milica.jpg\",\"width\":1536,\"height\":2048},{\"@type\":\"BreadcrumbList\",\"@id\":\"https:\/\/fcjk.me\/news\/na-filozofskom-fakultetu-u-osijeku-odrzan-dan-secanja-na-akademika-milorada-nikcevica\/#breadcrumb\",\"itemListElement\":[{\"@type\":\"ListItem\",\"position\":1,\"name\":\"Home\",\"item\":\"https:\/\/fcjk.me\/\"},{\"@type\":\"ListItem\",\"position\":2,\"name\":\"FCJK News\",\"item\":\"https:\/\/fcjk.me\/news\/\"},{\"@type\":\"ListItem\",\"position\":3,\"name\":\"Na Filozofskom fakultetu u Osijeku odr\u017ean Dan \u015be\u0107anja na akademika Milorada Nik\u010devi\u0107a\"}]},{\"@type\":\"WebSite\",\"@id\":\"https:\/\/fcjk.me\/#website\",\"url\":\"https:\/\/fcjk.me\/\",\"name\":\"FCJK\",\"description\":\"Fakultet za Crnogorski jezik i knji\u017eevnost\",\"publisher\":{\"@id\":\"https:\/\/fcjk.me\/#organization\"},\"potentialAction\":[{\"@type\":\"SearchAction\",\"target\":{\"@type\":\"EntryPoint\",\"urlTemplate\":\"https:\/\/fcjk.me\/?s={search_term_string}\"},\"query-input\":\"required name=search_term_string\"}],\"inLanguage\":\"en-GB\"},{\"@type\":\"Organization\",\"@id\":\"https:\/\/fcjk.me\/#organization\",\"name\":\"FCJK\",\"url\":\"https:\/\/fcjk.me\/\",\"logo\":{\"@type\":\"ImageObject\",\"inLanguage\":\"en-GB\",\"@id\":\"https:\/\/fcjk.me\/#\/schema\/logo\/image\/\",\"url\":\"https:\/\/fcjk.me\/wp-content\/uploads\/2024\/01\/Vector.svg\",\"contentUrl\":\"https:\/\/fcjk.me\/wp-content\/uploads\/2024\/01\/Vector.svg\",\"width\":1622,\"height\":406,\"caption\":\"FCJK\"},\"image\":{\"@id\":\"https:\/\/fcjk.me\/#\/schema\/logo\/image\/\"},\"sameAs\":[\"https:\/\/www.facebook.com\/StudirajCrnogorski\",\"https:\/\/www.instagram.com\/fcjk.me\/\",\"https:\/\/www.youtube.com\/@fcjk\"]}]}<\/script>\n<!-- \/ Yoast SEO plugin. -->","yoast_head_json":{"title":"Na Filozofskom fakultetu u Osijeku odr\u017ean Dan \u015be\u0107anja na akademika Milorada Nik\u010devi\u0107a - FCJK","robots":{"index":"index","follow":"follow","max-snippet":"max-snippet:-1","max-image-preview":"max-image-preview:large","max-video-preview":"max-video-preview:-1"},"canonical":"https:\/\/fcjk.me\/en\/news\/na-filozofskom-fakultetu-u-osijeku-odrzan-dan-secanja-na-akademika-milorada-nikcevica\/","og_locale":"en_GB","og_type":"article","og_title":"Na Filozofskom fakultetu u Osijeku odr\u017ean Dan \u015be\u0107anja na akademika Milorada Nik\u010devi\u0107a - FCJK","og_description":"V. d. dekana Filozofskoga fakulteta u Osijeku prof. dr Kre\u0161imir \u0160imi\u0107 pozdravio je u\u010desnike uime doma\u0107ina \u2013 Filozofskoga fakulteta u Osijeku \u2013 kojemu je akademik Nik\u010devi\u0107 darovao najljep\u0161e godine svoga \u017eivota (1986 \u2013 2011). Profesor \u0160imi\u0107 profilirao je Milorada Nik\u010devi\u0107a kao uva\u017eenoga i me\u0111u studentima omiljenoga profesora te knji\u017eevnoga nau\u010dnika...","og_url":"https:\/\/fcjk.me\/en\/news\/na-filozofskom-fakultetu-u-osijeku-odrzan-dan-secanja-na-akademika-milorada-nikcevica\/","og_site_name":"FCJK","article_publisher":"https:\/\/www.facebook.com\/StudirajCrnogorski","article_modified_time":"2025-10-30T12:21:42+00:00","og_image":[{"width":1536,"height":2048,"url":"https:\/\/fcjk.me\/wp-content\/uploads\/2025\/10\/milica.jpg","type":"image\/jpeg"}],"twitter_card":"summary_large_image","twitter_misc":{"Estimated reading time":"2 minutes"},"schema":{"@context":"https:\/\/schema.org","@graph":[{"@type":"WebPage","@id":"https:\/\/fcjk.me\/news\/na-filozofskom-fakultetu-u-osijeku-odrzan-dan-secanja-na-akademika-milorada-nikcevica\/","url":"https:\/\/fcjk.me\/news\/na-filozofskom-fakultetu-u-osijeku-odrzan-dan-secanja-na-akademika-milorada-nikcevica\/","name":"Na Filozofskom fakultetu u Osijeku odr\u017ean Dan \u015be\u0107anja na akademika Milorada Nik\u010devi\u0107a - FCJK","isPartOf":{"@id":"https:\/\/fcjk.me\/#website"},"primaryImageOfPage":{"@id":"https:\/\/fcjk.me\/news\/na-filozofskom-fakultetu-u-osijeku-odrzan-dan-secanja-na-akademika-milorada-nikcevica\/#primaryimage"},"image":{"@id":"https:\/\/fcjk.me\/news\/na-filozofskom-fakultetu-u-osijeku-odrzan-dan-secanja-na-akademika-milorada-nikcevica\/#primaryimage"},"thumbnailUrl":"https:\/\/fcjk.me\/wp-content\/uploads\/2025\/10\/milica.jpg","datePublished":"2025-10-30T12:21:41+00:00","dateModified":"2025-10-30T12:21:42+00:00","breadcrumb":{"@id":"https:\/\/fcjk.me\/news\/na-filozofskom-fakultetu-u-osijeku-odrzan-dan-secanja-na-akademika-milorada-nikcevica\/#breadcrumb"},"inLanguage":"en-GB","potentialAction":[{"@type":"ReadAction","target":["https:\/\/fcjk.me\/news\/na-filozofskom-fakultetu-u-osijeku-odrzan-dan-secanja-na-akademika-milorada-nikcevica\/"]}]},{"@type":"ImageObject","inLanguage":"en-GB","@id":"https:\/\/fcjk.me\/news\/na-filozofskom-fakultetu-u-osijeku-odrzan-dan-secanja-na-akademika-milorada-nikcevica\/#primaryimage","url":"https:\/\/fcjk.me\/wp-content\/uploads\/2025\/10\/milica.jpg","contentUrl":"https:\/\/fcjk.me\/wp-content\/uploads\/2025\/10\/milica.jpg","width":1536,"height":2048},{"@type":"BreadcrumbList","@id":"https:\/\/fcjk.me\/news\/na-filozofskom-fakultetu-u-osijeku-odrzan-dan-secanja-na-akademika-milorada-nikcevica\/#breadcrumb","itemListElement":[{"@type":"ListItem","position":1,"name":"Home","item":"https:\/\/fcjk.me\/"},{"@type":"ListItem","position":2,"name":"FCJK News","item":"https:\/\/fcjk.me\/news\/"},{"@type":"ListItem","position":3,"name":"Na Filozofskom fakultetu u Osijeku odr\u017ean Dan \u015be\u0107anja na akademika Milorada Nik\u010devi\u0107a"}]},{"@type":"WebSite","@id":"https:\/\/fcjk.me\/#website","url":"https:\/\/fcjk.me\/","name":"FCJK","description":"Fakultet za Crnogorski jezik i knji\u017eevnost","publisher":{"@id":"https:\/\/fcjk.me\/#organization"},"potentialAction":[{"@type":"SearchAction","target":{"@type":"EntryPoint","urlTemplate":"https:\/\/fcjk.me\/?s={search_term_string}"},"query-input":"required name=search_term_string"}],"inLanguage":"en-GB"},{"@type":"Organization","@id":"https:\/\/fcjk.me\/#organization","name":"FCJK","url":"https:\/\/fcjk.me\/","logo":{"@type":"ImageObject","inLanguage":"en-GB","@id":"https:\/\/fcjk.me\/#\/schema\/logo\/image\/","url":"https:\/\/fcjk.me\/wp-content\/uploads\/2024\/01\/Vector.svg","contentUrl":"https:\/\/fcjk.me\/wp-content\/uploads\/2024\/01\/Vector.svg","width":1622,"height":406,"caption":"FCJK"},"image":{"@id":"https:\/\/fcjk.me\/#\/schema\/logo\/image\/"},"sameAs":["https:\/\/www.facebook.com\/StudirajCrnogorski","https:\/\/www.instagram.com\/fcjk.me\/","https:\/\/www.youtube.com\/@fcjk"]}]}},"_links":{"self":[{"href":"https:\/\/fcjk.me\/en\/wp-json\/wp\/v2\/news\/3328"}],"collection":[{"href":"https:\/\/fcjk.me\/en\/wp-json\/wp\/v2\/news"}],"about":[{"href":"https:\/\/fcjk.me\/en\/wp-json\/wp\/v2\/types\/news"}],"wp:featuredmedia":[{"embeddable":true,"href":"https:\/\/fcjk.me\/en\/wp-json\/wp\/v2\/media\/3331"}],"wp:attachment":[{"href":"https:\/\/fcjk.me\/en\/wp-json\/wp\/v2\/media?parent=3328"}],"wp:term":[{"taxonomy":"category","embeddable":true,"href":"https:\/\/fcjk.me\/en\/wp-json\/wp\/v2\/categories?post=3328"},{"taxonomy":"post_tag","embeddable":true,"href":"https:\/\/fcjk.me\/en\/wp-json\/wp\/v2\/tags?post=3328"}],"curies":[{"name":"wp","href":"https:\/\/api.w.org\/{rel}","templated":true}]}}