{"id":6101,"date":"2019-09-05T11:51:04","date_gmt":"2019-09-05T10:51:04","guid":{"rendered":"http:\/\/fcjk.me\/arhiva?p=6101"},"modified":"2019-09-05T11:57:54","modified_gmt":"2019-09-05T10:57:54","slug":"povelja-fcjk-za-poseban-doprinos-montenegristici","status":"publish","type":"post","link":"https:\/\/fcjk.me\/arhiva\/novosti\/povelja-fcjk-za-poseban-doprinos-montenegristici","title":{"rendered":"Povelja FCJK za poseban doprinos montenegristici"},"content":{"rendered":"<p>Fakultet za crnogorski jezik i knji\u017eevnost \u2013 Cetinje profilisan je kao ustanova koja okuplja najvredniji kadar montenegristike, a u djelovanju te ustanove za\u017eivjela je praksa i javnoga priznavanja ostvarenih rezultata. Vrednovanje se posvjedo\u010duje dodjeljivanjem <strong>Povelje Fakulteta za crnogorski jezik i knji\u017eevnost za poseban doprinos montenegristici<\/strong>. Povelja je ustanovljena i prvi put dodijeljena na me\u0111unarodnoj konferenciji <em>Cetinjski filolo\u0161ki dani I <\/em>2017.<\/p>\n<p>Ovogodi\u0161nji dobitnici toga priznanja su:<\/p>\n<p><strong>akademik Emil Toka\u017e, akademik Sreten Perovi\u0107 i akademik Vuki\u0107 Pulevi\u0107.<\/strong><\/p>\n<p>Svaki je od kandidata profesionalnom i ljudskom biografijom gra\u0111enom decenijama zaslu\u017eio ovo priznanje.<\/p>\n<p>Akademik Emil Toka\u017e, poljski lingvista, slavista svjetskoga ugleda, svoju je posve\u0107enost crnogorskoj jezi\u010dkoj problematici posvjedo\u010dio tokom posljednjih tridesetak godina. Recenzirao je vi\u0161e\u00a0 knjiga iz montenegristike,\u00a0 pisao\u00a0 je i objavljivao u \u010dasopisima i zbornicima s konferencija kod nas i u inostranstvu, \u010dlan je me\u0111unarodne redakcije \u010dasopisa <em>Lingua Montenegrina<\/em>, nekoliko je mla\u0111ih nau\u010dnika koji su kod njega branili doktorsku tezu usmjerio na montenegristi\u010dke teme nakon \u010dega su kao rezultat dobijene monografije na poljskome jeziku itd.<\/p>\n<p>Rad akademika Sretena Perovi\u0107a vi\u0161estruko je zna\u010dajan za utemeljivanje i razvitak montenegristike. Kao istori\u010dar knji\u017eevnosti i kriti\u010dar doprinio je osvjetljavanju na\u0161e osobito dramske i poetske knji\u017eevne tradicije. Autor je prve enciklopedijske jedinice koja je nosila naziv Crnogorska knji\u017eevnost. Kao antologi\u010dar i urednik potpisao je brojna izdanja kojima se afirmi\u0161e crnogorsko knji\u017eevno naslje\u0111e, jezi\u010dka i kulturna ba\u0161tina.<\/p>\n<p>Akademik Vuki\u0107 Pulevi\u0107, biolog-botani\u010dar, dao je dragocjen doprinos crnogorskoj onomastici, konkretno razumijevanju i pravilnome tuma\u010denju fitotoponima. Njegovim je multidisciplinarnim pristupom odba\u010dena golema masa pogre\u0161nih i proizvoljnih odre\u0111enja \u0161to su ih lingvisti uporno \u010dinili pose\u017eu\u0107i za botani\u010dkim registrima nekri- ti\u010dki i bez konsultovanja biologa-botani\u010dara.<\/p>\n<p>Povelja FCJK za poseban doprinos montenegristici bi\u0107e uru\u010dena 10. septembra na otvaranju me\u0111unarodne konferencije <em>Cetinjski filolo\u0161ki dani II <\/em>koja je ove godine okupila nau\u010dnike s 18 univerziteta s \u010detiri kontinenta.<\/p>\n","protected":false},"excerpt":{"rendered":"<p>Fakultet za crnogorski jezik i knji\u017eevnost \u2013 Cetinje profilisan je kao ustanova koja okuplja najvredniji kadar montenegristike, a u djelovanju te ustanove za\u017eivjela je praksa i javnoga priznavanja ostvarenih rezultata. Vrednovanje se posvjedo\u010duje dodjeljivanjem Povelje Fakulteta za crnogorski jezik i knji\u017eevnost za poseban doprinos montenegristici. Povelja je ustanovljena i prvi put dodijeljena na me\u0111unarodnoj konferenciji<\/p>\n","protected":false},"author":3,"featured_media":6102,"comment_status":"open","ping_status":"open","sticky":false,"template":"","format":"standard","meta":{"footnotes":""},"categories":[1],"tags":[],"_links":{"self":[{"href":"https:\/\/fcjk.me\/arhiva\/wp-json\/wp\/v2\/posts\/6101"}],"collection":[{"href":"https:\/\/fcjk.me\/arhiva\/wp-json\/wp\/v2\/posts"}],"about":[{"href":"https:\/\/fcjk.me\/arhiva\/wp-json\/wp\/v2\/types\/post"}],"author":[{"embeddable":true,"href":"https:\/\/fcjk.me\/arhiva\/wp-json\/wp\/v2\/users\/3"}],"replies":[{"embeddable":true,"href":"https:\/\/fcjk.me\/arhiva\/wp-json\/wp\/v2\/comments?post=6101"}],"version-history":[{"count":3,"href":"https:\/\/fcjk.me\/arhiva\/wp-json\/wp\/v2\/posts\/6101\/revisions"}],"predecessor-version":[{"id":6105,"href":"https:\/\/fcjk.me\/arhiva\/wp-json\/wp\/v2\/posts\/6101\/revisions\/6105"}],"wp:featuredmedia":[{"embeddable":true,"href":"https:\/\/fcjk.me\/arhiva\/wp-json\/wp\/v2\/media\/6102"}],"wp:attachment":[{"href":"https:\/\/fcjk.me\/arhiva\/wp-json\/wp\/v2\/media?parent=6101"}],"wp:term":[{"taxonomy":"category","embeddable":true,"href":"https:\/\/fcjk.me\/arhiva\/wp-json\/wp\/v2\/categories?post=6101"},{"taxonomy":"post_tag","embeddable":true,"href":"https:\/\/fcjk.me\/arhiva\/wp-json\/wp\/v2\/tags?post=6101"}],"curies":[{"name":"wp","href":"https:\/\/api.w.org\/{rel}","templated":true}]}}