{"id":6035,"date":"2019-08-15T07:10:17","date_gmt":"2019-08-15T06:10:17","guid":{"rendered":"http:\/\/fcjk.me\/arhiva?p=6035"},"modified":"2019-08-15T07:10:17","modified_gmt":"2019-08-15T06:10:17","slug":"ljetnja-skola-crnogorskog-jezika-i-kulture","status":"publish","type":"post","link":"https:\/\/fcjk.me\/arhiva\/novosti\/ljetnja-skola-crnogorskog-jezika-i-kulture","title":{"rendered":"Ljetnja \u0161kola crnogorskog jezika i kulture"},"content":{"rendered":"<p>Od 12. do 23. avgusta na Cetinju \u0107e se odr\u017eati Ljetnja \u0161kola crnogorskoga jezika i kulture za inostrane studente slavistike. \u0160kolu organizuje Fakultet za crnogorski jezik i knji\u017eevnost \u2013 Cetinje uz pokroviteljstvo i pomo\u0107 Prijestonice Cetinje. Treba pohvaliti i kao primjer ista\u0107i razumijevanje i pomo\u0107 \u010delnih ljudi Prijestonice, pogotovo u pogledu smje\u0161taja polaznika.<\/p>\n<p>Obradovala nas je, i ne malo, \u010dinjenica da smo u kratkome roku nakon objavljivanja poziva primili zahtjeve asistenata, studenata, pa \u010dak i njihovih profesora s velikoga broja katedara. Mjesta je bilo, na\u017ealost, samo za njih 8. Na Cetinje dolaze studenti iz: Moskve, Petrograda, Lo\u0111a, Kijeva i Skoplja. Inostrani su saradnici Fakulteta za crnogorski jezik i knji\u017eevnost takvim svojim odnosom ukazali i ovom prilikom na zna\u010daj i vrijednost rada te ustanove. Rije\u010d je o prvoj takvoj \u0161koli u organizaciji FCJK, a prema pripremljenome programu predvi\u0111eno je u\u010denje crnogorskoga jezika prevashodno s komunikacijskoga aspekta, uz sticanje gramati\u010dkih kompetencija itd. Uporedo \u0107e se polaznici upoznavanti s crnogorskom knji\u017eevnom tradicijom i savremenim knji\u017eevnim stvarala\u0161tvom, kao i s istorijom Crne Gore, njezinim duhovnim i multikulturnim bogatstvom. Uz nastavu interaktivnu i multimedijalnoga karaktera u u\u010dionici te razne vrste radionica, pripremljen je raspored aktivnosti koje bismo mogli nazvati terenskom nastavom. S obzirom na ulogu koju su mu istorija i savremeno crnogorsko dru\u0161tvo dodijelili, Cetinje je apsolutno pogodno za ovakve programe. Sre\u0107na je okolnost \u0161to se na Cetinju nalaze Nacionalna biblioteka \u201e\u0110ur\u0111e Crnojevi\u0107\u201c, vi\u0161e muzejskih i arhivskih odjeljenja, zdanja poslanstava iz vremena Knja\u017eevine Crne Gore, stari Cetinjski manastir i jo\u0161 mnogo zna\u010dajnih lokaliteta \u0161to \u0107e ih uz adekvatna obja\u0161njenja i informacije predava\u010da obi\u0107i polaznici Ljetnje \u0161kole crnogorskoga jezika i kulture. Dio rada s gostima iz inostranstva obavi\u0107e se na obalama Skadarskoga jezera, Starome Baru i Boki Kotorskoj, dakle na vi\u0161e lokaliteta zna\u010dajnih po na\u0161im srednjovjekovnim istorijskim i kulturnim tragovima.<\/p>\n<p>Za polaznike ove \u0161kole ozbiljno je pripremljen program, a sve sa \u017eeljom da se slobodno, bez ograni\u010denja i predrasuda mladi istra\u017eiva\u010di iz inostranstva upoznaju s na\u0161im jezi\u010dkim i knji\u017eevnim naslje\u0111em. Vjerodostojno i s provjerenim nau\u010dnim rezultatima a osmi\u0161ljeno u skladu sa savremenim metodama nastave radi\u0107e se tokom te dvije radne sedmice, od 12. do 23. avgusta. Ono \u0161to najvi\u0161e zaslu\u017euje da bude pohvaljeno \u2212 a \u0161to naj\u010de\u0161\u0107e presko\u010dimo ili bude u\u010dinjeno stidno \u2013 jeste mla\u0111i kadar FCJK koji \u0107e raditi s inostranim studentima. Ljetnju \u0161kolu crnogorskoga jezika i kulture koncipirali su, program izradili i materijale pripremili: Jelena \u0160u\u0161anj, Novica Vujovi\u0107, Boban Batri\u0107evi\u0107, Milan Markovi\u0107, Ethem Mandi\u0107 i Nikola Popovi\u0107 uz dragocjenu podr\u0161ku i sugestije dekana Adnana \u010cirgi\u0107a i prodekana Aleksandra Radomana.<\/p>\n","protected":false},"excerpt":{"rendered":"<p>Od 12. do 23. avgusta na Cetinju \u0107e se odr\u017eati Ljetnja \u0161kola crnogorskoga jezika i kulture za inostrane studente slavistike. \u0160kolu organizuje Fakultet za crnogorski jezik i knji\u017eevnost \u2013 Cetinje uz pokroviteljstvo i pomo\u0107 Prijestonice Cetinje. Treba pohvaliti i kao primjer ista\u0107i razumijevanje i pomo\u0107 \u010delnih ljudi Prijestonice, pogotovo u pogledu smje\u0161taja polaznika. Obradovala nas<\/p>\n","protected":false},"author":3,"featured_media":5932,"comment_status":"open","ping_status":"open","sticky":false,"template":"","format":"standard","meta":{"footnotes":""},"categories":[1],"tags":[],"_links":{"self":[{"href":"https:\/\/fcjk.me\/arhiva\/wp-json\/wp\/v2\/posts\/6035"}],"collection":[{"href":"https:\/\/fcjk.me\/arhiva\/wp-json\/wp\/v2\/posts"}],"about":[{"href":"https:\/\/fcjk.me\/arhiva\/wp-json\/wp\/v2\/types\/post"}],"author":[{"embeddable":true,"href":"https:\/\/fcjk.me\/arhiva\/wp-json\/wp\/v2\/users\/3"}],"replies":[{"embeddable":true,"href":"https:\/\/fcjk.me\/arhiva\/wp-json\/wp\/v2\/comments?post=6035"}],"version-history":[{"count":1,"href":"https:\/\/fcjk.me\/arhiva\/wp-json\/wp\/v2\/posts\/6035\/revisions"}],"predecessor-version":[{"id":6036,"href":"https:\/\/fcjk.me\/arhiva\/wp-json\/wp\/v2\/posts\/6035\/revisions\/6036"}],"wp:featuredmedia":[{"embeddable":true,"href":"https:\/\/fcjk.me\/arhiva\/wp-json\/wp\/v2\/media\/5932"}],"wp:attachment":[{"href":"https:\/\/fcjk.me\/arhiva\/wp-json\/wp\/v2\/media?parent=6035"}],"wp:term":[{"taxonomy":"category","embeddable":true,"href":"https:\/\/fcjk.me\/arhiva\/wp-json\/wp\/v2\/categories?post=6035"},{"taxonomy":"post_tag","embeddable":true,"href":"https:\/\/fcjk.me\/arhiva\/wp-json\/wp\/v2\/tags?post=6035"}],"curies":[{"name":"wp","href":"https:\/\/api.w.org\/{rel}","templated":true}]}}