{"id":6026,"date":"2019-07-24T18:40:25","date_gmt":"2019-07-24T17:40:25","guid":{"rendered":"http:\/\/fcjk.me\/arhiva?p=6026"},"modified":"2019-07-24T18:40:25","modified_gmt":"2019-07-24T17:40:25","slug":"autorsko-vece-milorada-nikcevica-u-podgorici","status":"publish","type":"post","link":"https:\/\/fcjk.me\/arhiva\/novosti\/autorsko-vece-milorada-nikcevica-u-podgorici","title":{"rendered":"Autorsko ve\u010de Milorada Nik\u010devi\u0107a u Podgorici"},"content":{"rendered":"<p>Autorsko ve\u010de prof. dr Milorada Nik\u010devi\u0107a, akademika i \u010dlana Savjeta za saradnju sa dijasporom-iseljenicima, bi\u0107e odr\u017eano 25. jula 2019. na platou ispred Narodne biblioteke &#8221;Radosav Ljumovi\u0107\u201c u 21 sat u okviru manifestacije \u201ePodgori\u010dko kulturno ljeto\u201c.<\/p>\n<p>Profesor Nik\u010devi\u0107 je radni vijek proveo na univerzitetu u Osijeku, pa je neprocjenjiv njegov doprinos na povezivanju crnogorskih i hrvatskih institucija i prire\u0111ivanju nau\u010dnih skupova u Crnoj Gori i Hrvatskoj.<\/p>\n<p>Posebno se isti\u010de njegov doprinos izradi prve Istorije crnogorske knji\u017eevnosti i njegova obrada perioda od 1852. do 1918.<\/p>\n<p>Osniva\u010d je i potpredsjednik prvog Dru\u0161tva Crnogoraca i prijatelja Crne Gore \u201cMontenegro\u201d (1990), Nacionalne zajednice Crnogoraca (1993), predsjednik je Crnogorskog dru\u0161tva \u201cMontenegro\u2013Montenegrina\u201d u Zagrebu (1995\u20131997), Crnogorskog kulturnog dru\u0161tva \u201cMontenegro \u2013 Montenegrina\u201d u Osijeku (1997. god. do sada) i Demokratskog saveza Crnogoraca Republike Hrvatske (2006 \u2013 2014). Sada je potpredsjednik Hrvatsko-crnogorskog dru\u0161tva prijateljstva \u201cCroatica Montenegrina\u201d RH (2000. god. do sada). Ve\u0107 u dva saziva, \u010dlan je Savjeta za saradnju sa dijasporom-iseljenicima.<\/p>\n<p>O stvarala\u0161tvu i radu profesora Milorada Nik\u010devi\u0107a govori\u0107e: Aleksandar Radoman, Nela Savkovi\u0107-Vuk\u010devi\u0107, Sofija Kalezi\u0107 i Boban Batri\u0107evi\u0107.<\/p>\n<p>Go\u0161\u0107a ve\u010deri je violon\u010delistkinja Teodora Uskokovi\u0107.<\/p>\n<p>Medijator programa je Marijana Teri\u0107.<\/p>\n<p>Izvor: Antena M<\/p>\n","protected":false},"excerpt":{"rendered":"<p>Autorsko ve\u010de prof. dr Milorada Nik\u010devi\u0107a, akademika i \u010dlana Savjeta za saradnju sa dijasporom-iseljenicima, bi\u0107e odr\u017eano 25. jula 2019. na platou ispred Narodne biblioteke &#8221;Radosav Ljumovi\u0107\u201c u 21 sat u okviru manifestacije \u201ePodgori\u010dko kulturno ljeto\u201c. Profesor Nik\u010devi\u0107 je radni vijek proveo na univerzitetu u Osijeku, pa je neprocjenjiv njegov doprinos na povezivanju crnogorskih i hrvatskih<\/p>\n","protected":false},"author":3,"featured_media":6025,"comment_status":"open","ping_status":"open","sticky":false,"template":"","format":"standard","meta":{"footnotes":""},"categories":[1],"tags":[],"_links":{"self":[{"href":"https:\/\/fcjk.me\/arhiva\/wp-json\/wp\/v2\/posts\/6026"}],"collection":[{"href":"https:\/\/fcjk.me\/arhiva\/wp-json\/wp\/v2\/posts"}],"about":[{"href":"https:\/\/fcjk.me\/arhiva\/wp-json\/wp\/v2\/types\/post"}],"author":[{"embeddable":true,"href":"https:\/\/fcjk.me\/arhiva\/wp-json\/wp\/v2\/users\/3"}],"replies":[{"embeddable":true,"href":"https:\/\/fcjk.me\/arhiva\/wp-json\/wp\/v2\/comments?post=6026"}],"version-history":[{"count":1,"href":"https:\/\/fcjk.me\/arhiva\/wp-json\/wp\/v2\/posts\/6026\/revisions"}],"predecessor-version":[{"id":6027,"href":"https:\/\/fcjk.me\/arhiva\/wp-json\/wp\/v2\/posts\/6026\/revisions\/6027"}],"wp:featuredmedia":[{"embeddable":true,"href":"https:\/\/fcjk.me\/arhiva\/wp-json\/wp\/v2\/media\/6025"}],"wp:attachment":[{"href":"https:\/\/fcjk.me\/arhiva\/wp-json\/wp\/v2\/media?parent=6026"}],"wp:term":[{"taxonomy":"category","embeddable":true,"href":"https:\/\/fcjk.me\/arhiva\/wp-json\/wp\/v2\/categories?post=6026"},{"taxonomy":"post_tag","embeddable":true,"href":"https:\/\/fcjk.me\/arhiva\/wp-json\/wp\/v2\/tags?post=6026"}],"curies":[{"name":"wp","href":"https:\/\/api.w.org\/{rel}","templated":true}]}}