{"id":6017,"date":"2019-07-17T15:46:39","date_gmt":"2019-07-17T14:46:39","guid":{"rendered":"http:\/\/fcjk.me\/arhiva?p=6017"},"modified":"2019-07-17T15:46:39","modified_gmt":"2019-07-17T14:46:39","slug":"odrzana-promocija-online-kursa-crnogorskog-jezika","status":"publish","type":"post","link":"https:\/\/fcjk.me\/arhiva\/novosti\/odrzana-promocija-online-kursa-crnogorskog-jezika","title":{"rendered":"Odr\u017eana promocija online kursa crnogorskog jezika"},"content":{"rendered":"<p style=\"font-weight: 400;\">Danas je u press centru Vlade Crne Gore odr\u017eana promocija online kursa crnogorskog jezika, zajedni\u010dkog projekta Uprave za dijasporu i Fakulteta za crnogorski jezik i knji\u017eevnost sa Cetinja. Na promociji su govorili pomo\u0107nik direktora Uprave za dijasporu mr Ivan Jovovi\u0107, prodekan za nauku i me\u0111unarodnu saradnju Ethem Mandi\u0107 i profesor na Fakultetu za crnogorski jezik i knji\u017eevnost Milan Markovi\u0107.<\/p>\n<p style=\"font-weight: 400;\">U uvodnom izlaganju pomo\u0107nik direktora Uprave za dijasporu mr Ivan Jovovi\u0107 je istakao da je online kurs crnogorskog jezika nastao kao institucionalna potreba i odgovor crnogorskih dr\u017eavnih organa i ustanova na potrebe na\u0161eg iseljeni\u0161tva. Ukazao je da: \u201csporazum o saradnji izme\u0111u Uprave za dijasporu i Fakulteta za crnogorski jezik i knji\u017eevnost sa Cetinja zaklju\u010den u martu ove godine definisao je saradnju na razli\u010ditim projektima, prije svega, pomo\u0107 u edukaciji dijaspore iz oblasti crnogorskog jezika i kulture Crne Gore, te drugih oblika prosvjetno-kulturne saradnje, s obzirom da je jezik osnov za o\u010duvanje identiteta jedne nacionalne zajednice. Tako\u0111e, ovo je prilika da uka\u017eemo da je Uprava za dijasporu i ovim projektom omogu\u0107ila jo\u0161 bolju komunikaciju sa svim onima koji Crnu Goru do\u017eivljavaju kao mati\u010dnu dr\u017eavu ili zemlju porijekla, \u0161to sve ukupno uti\u010de na intenzivniju saradnju na relaciji Crna Gora i njena dijaspora.\u201d<\/p>\n<p style=\"font-weight: 400;\">Prisutnima se potom obratio prodekan Fakulteta za crnogorski jezik i knji\u017eevnost Ethem Mandi\u0107. Tom prilikom je iskazao zadovoljstvo ovim projektom i napomenuo da: \u201c Jezi\u010dke veze i na\u0161a kultura su osnov za o\u010duvanje identiteta, a preno\u0161enje jezika na \u0161to ve\u0107i broj govornika i njegova popularizacija ne samo u dijaspori, nego i u drugim kulturama uop\u0161te bi trebalo da bude primarni cilj na\u0161e jezi\u010dko-kulturne politike, a ovaj kurs je samo jedan od koraka koje smo u tom smislu preduzeli i realizovali.<\/p>\n<p style=\"font-weight: 400;\">Na kraju promocije profesor Milan Markovi\u0107 je govorio o stru\u010dnim i tehni\u010dkim elementima ovog online kursa. Naveo je da je kurs sastavljen od deset lekcija multimedijalnog i interaktivnog tipa koje su segmentirane na osnovne gramati\u010dke i op\u0161te komunikacijske kategorije. Sve lekcije sadr\u017ee audio primjere izgovora rije\u010di te njihovo zna\u010denje na engleskom, \u0161panskom, turskom i albanskom jeziku. Na kraju lekcija nalaze se kratke revizije obra\u0111ivanog gradiva, dok je na samome kraju kursa osmi\u0161ljena revizija cjelokupne obra\u0111ene gra\u0111e koja korisnicima nudi mogu\u0107nost provjere usvojenih znanja.<\/p>\n<p style=\"font-weight: 400;\">Uzev\u0161i u obzir dosada\u0161nju kvalitetnu saradnju izme\u0111u Uprave za dijasporu i Fakulteta za crnogorski jezik i knji\u017eevnost sa Cetinja, na promociji je istaknuta \u017eelja da se ta saradnja nastavi i unaprijedi novim i kvalitetnim projektima koji \u0107e biti lako dostupni crnogorskim iseljenicima.<\/p>\n<p>Izvor: Uprava za dijasporu<\/p>\n","protected":false},"excerpt":{"rendered":"<p>Danas je u press centru Vlade Crne Gore odr\u017eana promocija online kursa crnogorskog jezika, zajedni\u010dkog projekta Uprave za dijasporu i Fakulteta za crnogorski jezik i knji\u017eevnost sa Cetinja. Na promociji su govorili pomo\u0107nik direktora Uprave za dijasporu mr Ivan Jovovi\u0107, prodekan za nauku i me\u0111unarodnu saradnju Ethem Mandi\u0107 i profesor na Fakultetu za crnogorski jezik<\/p>\n","protected":false},"author":3,"featured_media":6019,"comment_status":"open","ping_status":"open","sticky":false,"template":"","format":"standard","meta":{"footnotes":""},"categories":[1],"tags":[],"_links":{"self":[{"href":"https:\/\/fcjk.me\/arhiva\/wp-json\/wp\/v2\/posts\/6017"}],"collection":[{"href":"https:\/\/fcjk.me\/arhiva\/wp-json\/wp\/v2\/posts"}],"about":[{"href":"https:\/\/fcjk.me\/arhiva\/wp-json\/wp\/v2\/types\/post"}],"author":[{"embeddable":true,"href":"https:\/\/fcjk.me\/arhiva\/wp-json\/wp\/v2\/users\/3"}],"replies":[{"embeddable":true,"href":"https:\/\/fcjk.me\/arhiva\/wp-json\/wp\/v2\/comments?post=6017"}],"version-history":[{"count":1,"href":"https:\/\/fcjk.me\/arhiva\/wp-json\/wp\/v2\/posts\/6017\/revisions"}],"predecessor-version":[{"id":6020,"href":"https:\/\/fcjk.me\/arhiva\/wp-json\/wp\/v2\/posts\/6017\/revisions\/6020"}],"wp:featuredmedia":[{"embeddable":true,"href":"https:\/\/fcjk.me\/arhiva\/wp-json\/wp\/v2\/media\/6019"}],"wp:attachment":[{"href":"https:\/\/fcjk.me\/arhiva\/wp-json\/wp\/v2\/media?parent=6017"}],"wp:term":[{"taxonomy":"category","embeddable":true,"href":"https:\/\/fcjk.me\/arhiva\/wp-json\/wp\/v2\/categories?post=6017"},{"taxonomy":"post_tag","embeddable":true,"href":"https:\/\/fcjk.me\/arhiva\/wp-json\/wp\/v2\/tags?post=6017"}],"curies":[{"name":"wp","href":"https:\/\/api.w.org\/{rel}","templated":true}]}}