{"id":4842,"date":"2018-04-05T08:12:33","date_gmt":"2018-04-05T07:12:33","guid":{"rendered":"https:\/\/fcjk.me\/arhiva\/?p=4842"},"modified":"2018-05-28T10:56:56","modified_gmt":"2018-05-28T09:56:56","slug":"promocija-knjige-dr-bobana-batricevica-bog-naseg-nacionalizma","status":"publish","type":"post","link":"https:\/\/fcjk.me\/arhiva\/novosti\/promocija-knjige-dr-bobana-batricevica-bog-naseg-nacionalizma","title":{"rendered":"Promocija knjige dr Bobana Batri\u0107evi\u0107a &#8220;Bog na\u0161eg nacionalizma&#8221;"},"content":{"rendered":"<p>Fakultet za crnogorski jezik i knji\u017eevnost u utorak 10. aprila 2018. godine organizuje promociju knjige istori\u010dara Bobana Batri\u0107evi\u0107a \u201eBog na\u0161eg nacionalizma\u201c. U svojoj knjizi Batri\u0107evi\u0107 se bavio recepcijom, reinterpretiranjem i upotrebom lika i djela Petra II Petrovi\u0107a Njego\u0161a u politi\u010dkoj propagandi i diskursu vlasti u Crnoj Gori od Njego\u0161eve smrti 1851. do 2013. godine kada je obilje\u017eeno 200 godina od ro\u0111enja najve\u0107eg crnogorskog pjesnika.<br \/>\nPromocija \u0107e biti odr\u017eana u Vladinome domu na Cetinju (Sala \u201eIvan Crnojevi\u0107\u201c) u utorak 10. aprila s po\u010detkom u 18 \u010dasova. O knjizi \u0107e govoriti Adnan \u010cirgi\u0107, Sa\u0161a Kne\u017eevi\u0107, Franti\u0161ek \u0160istek i autor. Moderatori ve\u010deri bi\u0107e mr Sanja Orlandi\u0107 i crnogorski pjesnik \u0110or\u0111e \u0160\u0107epovi\u0107.<\/p>\n","protected":false},"excerpt":{"rendered":"<p>Fakultet za crnogorski jezik i knji\u017eevnost u utorak 10. aprila 2018. godine organizuje promociju knjige istori\u010dara Bobana Batri\u0107evi\u0107a \u201eBog na\u0161eg nacionalizma\u201c. U svojoj knjizi Batri\u0107evi\u0107 se bavio recepcijom, reinterpretiranjem i upotrebom lika i djela Petra II Petrovi\u0107a Njego\u0161a u politi\u010dkoj propagandi i diskursu vlasti u Crnoj Gori od Njego\u0161eve smrti 1851. do 2013. godine kada<\/p>\n","protected":false},"author":2,"featured_media":0,"comment_status":"open","ping_status":"open","sticky":false,"template":"","format":"gallery","meta":{"footnotes":""},"categories":[1],"tags":[],"_links":{"self":[{"href":"https:\/\/fcjk.me\/arhiva\/wp-json\/wp\/v2\/posts\/4842"}],"collection":[{"href":"https:\/\/fcjk.me\/arhiva\/wp-json\/wp\/v2\/posts"}],"about":[{"href":"https:\/\/fcjk.me\/arhiva\/wp-json\/wp\/v2\/types\/post"}],"author":[{"embeddable":true,"href":"https:\/\/fcjk.me\/arhiva\/wp-json\/wp\/v2\/users\/2"}],"replies":[{"embeddable":true,"href":"https:\/\/fcjk.me\/arhiva\/wp-json\/wp\/v2\/comments?post=4842"}],"version-history":[{"count":4,"href":"https:\/\/fcjk.me\/arhiva\/wp-json\/wp\/v2\/posts\/4842\/revisions"}],"predecessor-version":[{"id":5084,"href":"https:\/\/fcjk.me\/arhiva\/wp-json\/wp\/v2\/posts\/4842\/revisions\/5084"}],"wp:attachment":[{"href":"https:\/\/fcjk.me\/arhiva\/wp-json\/wp\/v2\/media?parent=4842"}],"wp:term":[{"taxonomy":"category","embeddable":true,"href":"https:\/\/fcjk.me\/arhiva\/wp-json\/wp\/v2\/categories?post=4842"},{"taxonomy":"post_tag","embeddable":true,"href":"https:\/\/fcjk.me\/arhiva\/wp-json\/wp\/v2\/tags?post=4842"}],"curies":[{"name":"wp","href":"https:\/\/api.w.org\/{rel}","templated":true}]}}