{"id":4820,"date":"2018-04-04T09:29:38","date_gmt":"2018-04-04T08:29:38","guid":{"rendered":"https:\/\/fcjk.me\/arhiva\/?p=4820"},"modified":"2018-04-04T10:12:44","modified_gmt":"2018-04-04T09:12:44","slug":"kulturni-vodic-cetinje-april-2018","status":"publish","type":"post","link":"https:\/\/fcjk.me\/arhiva\/novosti\/kulturni-vodic-cetinje-april-2018","title":{"rendered":"Kulturni vodi\u010d Prijestonice Cetinje za april 2018. godine"},"content":{"rendered":"<div class=\"featured-box  homepage\"><div class=\"circle\"><i class=\"fa fa-none\"><\/i><span><\/span><\/div><div class=\"featured-desc\"><h3><\/h3><p>U vodi\u010du Prijestonice Cetinje, za april 2018. godine mo\u017eete prona\u0107i programe i doga\u0111aje koje organizuju institucije kulture i fakulteti na Cetinju.<\/p>\n<p>Vodi\u010d svakog mjeseca objavljuje TO Cetinje, uz podr\u0161ku Ministarstva kulture i Prijestonice Cetinje.<\/p>\n<p>Kulturni vodi\u010d za april mo\u017eete preuzeti <a href=\"https:\/\/fcjk.me\/arhiva\/wp-content\/uploads\/2018\/04\/Kulturn-vodi_-Cetinje-APRIL-finalno.pdf\">ov\u0111e<\/a><\/p><\/div><\/div>\n","protected":false},"excerpt":{"rendered":"","protected":false},"author":2,"featured_media":0,"comment_status":"open","ping_status":"open","sticky":false,"template":"","format":"gallery","meta":{"footnotes":""},"categories":[1],"tags":[],"_links":{"self":[{"href":"https:\/\/fcjk.me\/arhiva\/wp-json\/wp\/v2\/posts\/4820"}],"collection":[{"href":"https:\/\/fcjk.me\/arhiva\/wp-json\/wp\/v2\/posts"}],"about":[{"href":"https:\/\/fcjk.me\/arhiva\/wp-json\/wp\/v2\/types\/post"}],"author":[{"embeddable":true,"href":"https:\/\/fcjk.me\/arhiva\/wp-json\/wp\/v2\/users\/2"}],"replies":[{"embeddable":true,"href":"https:\/\/fcjk.me\/arhiva\/wp-json\/wp\/v2\/comments?post=4820"}],"version-history":[{"count":3,"href":"https:\/\/fcjk.me\/arhiva\/wp-json\/wp\/v2\/posts\/4820\/revisions"}],"predecessor-version":[{"id":4827,"href":"https:\/\/fcjk.me\/arhiva\/wp-json\/wp\/v2\/posts\/4820\/revisions\/4827"}],"wp:attachment":[{"href":"https:\/\/fcjk.me\/arhiva\/wp-json\/wp\/v2\/media?parent=4820"}],"wp:term":[{"taxonomy":"category","embeddable":true,"href":"https:\/\/fcjk.me\/arhiva\/wp-json\/wp\/v2\/categories?post=4820"},{"taxonomy":"post_tag","embeddable":true,"href":"https:\/\/fcjk.me\/arhiva\/wp-json\/wp\/v2\/tags?post=4820"}],"curies":[{"name":"wp","href":"https:\/\/api.w.org\/{rel}","templated":true}]}}