{"id":4696,"date":"2018-03-09T13:50:07","date_gmt":"2018-03-09T12:50:07","guid":{"rendered":"https:\/\/fcjk.me\/arhiva\/?p=4696"},"modified":"2018-03-09T14:00:58","modified_gmt":"2018-03-09T13:00:58","slug":"u-sarajevu-predstavljen-rad-fakulteta-za-crnogorski-jezik-i-knjizevnost","status":"publish","type":"post","link":"https:\/\/fcjk.me\/arhiva\/novosti\/u-sarajevu-predstavljen-rad-fakulteta-za-crnogorski-jezik-i-knjizevnost","title":{"rendered":"U Sarajevu predstavljen rad Fakulteta za crnogorski jezik i knji\u017eevnost"},"content":{"rendered":"<div class=\"featured-box  homepage\"><div class=\"circle\"><i class=\"fa fa-none\"><\/i><span><\/span><\/div><div class=\"featured-desc\"><h3><\/h3><p>Predstavnici Fakulteta za crnogorski jezik i knji\u017eevnost bili su gosti Instituta za jezik Univerziteta u Sarajevu u okviru manifestacije \u201eDani Instituta za jezik\u201c. Tokom radne po\u015bete s kolegama iz pomenutoga Instituta i predstavnicima Instituta za makedoski jezik \u201eKrste Misirkov\u201c iz Skoplja odr\u017ean je sastanak na temu \u201eIzazovi savremene ju\u017ene slavistike\u201c. Prisustovali su promociji izdanja iz 2017. Instituta za jezik, javnoj tribini \u201eBosansko-makedonske kulturalne i jezi\u010dke veze\u201c te predstavljanju izdanja Instituta za makedonski jezik \u201eKrste Misirkov\u201c. Uprili\u010den je i sve\u010dani prijem u Rektoratu Univerziteta u Sarajevu na kojemu je s rektorom prof. dr Rifatom \u0160krijeljom razgovarano na temu otvaranja lektorata za makedonski jezik na Filozoskome fakultetu u Sarajevu i oblicima saradnje s Fakultetom za crnogorski jezik i knji\u017eevnost s Cetinja. Javna tribina \u201eCrnogorski jezik i savremena montenegristika\u201c odr\u017eana je u Bo\u0161nja\u010dkom institutu 7. marta 2018. godine. Pozdravnu rije\u010d dao je ministar-savjetnik Ambasade Crne Gore u BiH Radovan Miljani\u0107 koji je istakao zna\u010daj me\u0111unarodne saradnje i direktor Instituta za jezik Univerziteta u Sarajevu dr Alen Kalajd\u017eija, a medijatorka tribine bila je mr Aida Kr\u0161o. Na tribini su u\u010destvovali prof. dr Hasnija Muratagi\u0107-Tuna, prof. dr Amira Turbi\u0107-Had\u017eagi\u0107, mr Novica Vujovi\u0107 i mr Sanja Orlandi\u0107 koji su govorili o istorijatu i polo\u017eaju crnogorskoga jezika, a pred brojnom publikom, me\u0111u kojom su bili akademici, univerzitetski profesori, znameniti knji\u017eevnici i studenti, predstavljena je i bogata izdava\u010dka djelatnost Fakulteta za crnogorski jezik. Tokom radne po\u015bete dogovoreni su budu\u0107i oblici saradnje kako s Institutom za jezik iz Sarajeva, tako i s Institutom za makedonski jezik iz Skoplja.<\/p><\/div><\/div>\n","protected":false},"excerpt":{"rendered":"","protected":false},"author":2,"featured_media":0,"comment_status":"open","ping_status":"open","sticky":false,"template":"","format":"gallery","meta":{"footnotes":""},"categories":[1],"tags":[],"_links":{"self":[{"href":"https:\/\/fcjk.me\/arhiva\/wp-json\/wp\/v2\/posts\/4696"}],"collection":[{"href":"https:\/\/fcjk.me\/arhiva\/wp-json\/wp\/v2\/posts"}],"about":[{"href":"https:\/\/fcjk.me\/arhiva\/wp-json\/wp\/v2\/types\/post"}],"author":[{"embeddable":true,"href":"https:\/\/fcjk.me\/arhiva\/wp-json\/wp\/v2\/users\/2"}],"replies":[{"embeddable":true,"href":"https:\/\/fcjk.me\/arhiva\/wp-json\/wp\/v2\/comments?post=4696"}],"version-history":[{"count":2,"href":"https:\/\/fcjk.me\/arhiva\/wp-json\/wp\/v2\/posts\/4696\/revisions"}],"predecessor-version":[{"id":4702,"href":"https:\/\/fcjk.me\/arhiva\/wp-json\/wp\/v2\/posts\/4696\/revisions\/4702"}],"wp:attachment":[{"href":"https:\/\/fcjk.me\/arhiva\/wp-json\/wp\/v2\/media?parent=4696"}],"wp:term":[{"taxonomy":"category","embeddable":true,"href":"https:\/\/fcjk.me\/arhiva\/wp-json\/wp\/v2\/categories?post=4696"},{"taxonomy":"post_tag","embeddable":true,"href":"https:\/\/fcjk.me\/arhiva\/wp-json\/wp\/v2\/tags?post=4696"}],"curies":[{"name":"wp","href":"https:\/\/api.w.org\/{rel}","templated":true}]}}