{"id":4617,"date":"2018-02-01T17:37:22","date_gmt":"2018-02-01T16:37:22","guid":{"rendered":"https:\/\/fcjk.me\/arhiva\/?p=4617"},"modified":"2018-04-04T10:57:38","modified_gmt":"2018-04-04T09:57:38","slug":"kulturni-vodic-cetinje","status":"publish","type":"post","link":"https:\/\/fcjk.me\/arhiva\/novosti\/kulturni-vodic-cetinje","title":{"rendered":"Kulturni vodi\u010d Prijestonice Cetinje za februar 2018. godine"},"content":{"rendered":"<div class=\"featured-box  homepage\"><div class=\"circle\"><i class=\"fa fa-none\"><\/i><span><\/span><\/div><div class=\"featured-desc\"><h3><\/h3><p>U vodi\u010du Prijestonice Cetinje, za februar 2018. godine mo\u017eete prona\u0107i programe i doga\u0111aje koje organizuju institucije kulture i fakulteti na Cetinju.<\/p>\n<p>Vodi\u010d svakog mjeseca objavljuje TO Cetinje, uz podr\u0161ku Ministarstva kulture i Prijestonice Cetinje.<\/p>\n<p>Kulturni vodi\u010d za februar mo\u017eete preuzeti <a href=\"https:\/\/fcjk.me\/arhiva\/wp-content\/uploads\/2018\/04\/Kulturni-vodi\u010d-FEBRUAR-2018-fin.pdf\">ov\u0111e<\/a><\/p><\/div><\/div>\n","protected":false},"excerpt":{"rendered":"","protected":false},"author":2,"featured_media":0,"comment_status":"open","ping_status":"open","sticky":false,"template":"","format":"gallery","meta":{"footnotes":""},"categories":[1],"tags":[],"_links":{"self":[{"href":"https:\/\/fcjk.me\/arhiva\/wp-json\/wp\/v2\/posts\/4617"}],"collection":[{"href":"https:\/\/fcjk.me\/arhiva\/wp-json\/wp\/v2\/posts"}],"about":[{"href":"https:\/\/fcjk.me\/arhiva\/wp-json\/wp\/v2\/types\/post"}],"author":[{"embeddable":true,"href":"https:\/\/fcjk.me\/arhiva\/wp-json\/wp\/v2\/users\/2"}],"replies":[{"embeddable":true,"href":"https:\/\/fcjk.me\/arhiva\/wp-json\/wp\/v2\/comments?post=4617"}],"version-history":[{"count":6,"href":"https:\/\/fcjk.me\/arhiva\/wp-json\/wp\/v2\/posts\/4617\/revisions"}],"predecessor-version":[{"id":4836,"href":"https:\/\/fcjk.me\/arhiva\/wp-json\/wp\/v2\/posts\/4617\/revisions\/4836"}],"wp:attachment":[{"href":"https:\/\/fcjk.me\/arhiva\/wp-json\/wp\/v2\/media?parent=4617"}],"wp:term":[{"taxonomy":"category","embeddable":true,"href":"https:\/\/fcjk.me\/arhiva\/wp-json\/wp\/v2\/categories?post=4617"},{"taxonomy":"post_tag","embeddable":true,"href":"https:\/\/fcjk.me\/arhiva\/wp-json\/wp\/v2\/tags?post=4617"}],"curies":[{"name":"wp","href":"https:\/\/api.w.org\/{rel}","templated":true}]}}