{"id":4452,"date":"2017-12-04T19:07:28","date_gmt":"2017-12-04T18:07:28","guid":{"rendered":"https:\/\/fcjk.me\/arhiva\/?p=4452"},"modified":"2017-12-04T19:07:28","modified_gmt":"2017-12-04T18:07:28","slug":"nadija-rebronja-odrzala-predavanje-o-romanu-dervis-i-smrt-i-orijentalnim-knjizevnostima","status":"publish","type":"post","link":"https:\/\/fcjk.me\/arhiva\/novosti\/nadija-rebronja-odrzala-predavanje-o-romanu-dervis-i-smrt-i-orijentalnim-knjizevnostima","title":{"rendered":"Nadija Rebronja odr\u017eala predavanje o romanu &#8220;Dervi\u0161 i smrt&#8221; i orijentalnim knji\u017eevnostima"},"content":{"rendered":"","protected":false},"excerpt":{"rendered":"","protected":false},"author":2,"featured_media":0,"comment_status":"open","ping_status":"open","sticky":false,"template":"","format":"gallery","meta":{"footnotes":""},"categories":[1],"tags":[],"_links":{"self":[{"href":"https:\/\/fcjk.me\/arhiva\/wp-json\/wp\/v2\/posts\/4452"}],"collection":[{"href":"https:\/\/fcjk.me\/arhiva\/wp-json\/wp\/v2\/posts"}],"about":[{"href":"https:\/\/fcjk.me\/arhiva\/wp-json\/wp\/v2\/types\/post"}],"author":[{"embeddable":true,"href":"https:\/\/fcjk.me\/arhiva\/wp-json\/wp\/v2\/users\/2"}],"replies":[{"embeddable":true,"href":"https:\/\/fcjk.me\/arhiva\/wp-json\/wp\/v2\/comments?post=4452"}],"version-history":[{"count":1,"href":"https:\/\/fcjk.me\/arhiva\/wp-json\/wp\/v2\/posts\/4452\/revisions"}],"predecessor-version":[{"id":4455,"href":"https:\/\/fcjk.me\/arhiva\/wp-json\/wp\/v2\/posts\/4452\/revisions\/4455"}],"wp:attachment":[{"href":"https:\/\/fcjk.me\/arhiva\/wp-json\/wp\/v2\/media?parent=4452"}],"wp:term":[{"taxonomy":"category","embeddable":true,"href":"https:\/\/fcjk.me\/arhiva\/wp-json\/wp\/v2\/categories?post=4452"},{"taxonomy":"post_tag","embeddable":true,"href":"https:\/\/fcjk.me\/arhiva\/wp-json\/wp\/v2\/tags?post=4452"}],"curies":[{"name":"wp","href":"https:\/\/api.w.org\/{rel}","templated":true}]}}