{"id":4369,"date":"2017-11-24T17:16:06","date_gmt":"2017-11-24T16:16:06","guid":{"rendered":"https:\/\/fcjk.me\/arhiva\/?p=4369"},"modified":"2017-11-24T17:32:58","modified_gmt":"2017-11-24T16:32:58","slug":"u-kolasinu-odrzana-tribina-secanje-na-starca-miliju","status":"publish","type":"post","link":"https:\/\/fcjk.me\/arhiva\/novosti\/u-kolasinu-odrzana-tribina-secanje-na-starca-miliju","title":{"rendered":"U Kola\u0161inu odr\u017eana tribina \u015ae\u0107anje na Starca Miliju"},"content":{"rendered":"<div class=\"featured-box  homepage\"><div class=\"circle\"><i class=\"fa fa-none\"><\/i><span><\/span><\/div><div class=\"featured-desc\"><h3><\/h3><p>U Kola\u0161inu je sino\u0107 u organizaciji Centra za kulturu i Fakulteta za crnogorski jezik i knji\u017eevnost odr\u017eana tribina \u015ae\u0107anje na Starca Miliju. O zna\u010daju djela ovoga kola\u0161inskog pjesnika-pjeva\u010da govorili su Novak Kilibarda, Adnan \u010cirgi\u0107, Aleksandar \u010coguri\u0107 i Sne\u017eana \u0160\u0107epanovi\u0107-\u0110urasovi\u0107.<\/p><\/div><\/div>\n","protected":false},"excerpt":{"rendered":"","protected":false},"author":2,"featured_media":0,"comment_status":"open","ping_status":"open","sticky":false,"template":"","format":"gallery","meta":{"footnotes":""},"categories":[1],"tags":[],"_links":{"self":[{"href":"https:\/\/fcjk.me\/arhiva\/wp-json\/wp\/v2\/posts\/4369"}],"collection":[{"href":"https:\/\/fcjk.me\/arhiva\/wp-json\/wp\/v2\/posts"}],"about":[{"href":"https:\/\/fcjk.me\/arhiva\/wp-json\/wp\/v2\/types\/post"}],"author":[{"embeddable":true,"href":"https:\/\/fcjk.me\/arhiva\/wp-json\/wp\/v2\/users\/2"}],"replies":[{"embeddable":true,"href":"https:\/\/fcjk.me\/arhiva\/wp-json\/wp\/v2\/comments?post=4369"}],"version-history":[{"count":3,"href":"https:\/\/fcjk.me\/arhiva\/wp-json\/wp\/v2\/posts\/4369\/revisions"}],"predecessor-version":[{"id":4374,"href":"https:\/\/fcjk.me\/arhiva\/wp-json\/wp\/v2\/posts\/4369\/revisions\/4374"}],"wp:attachment":[{"href":"https:\/\/fcjk.me\/arhiva\/wp-json\/wp\/v2\/media?parent=4369"}],"wp:term":[{"taxonomy":"category","embeddable":true,"href":"https:\/\/fcjk.me\/arhiva\/wp-json\/wp\/v2\/categories?post=4369"},{"taxonomy":"post_tag","embeddable":true,"href":"https:\/\/fcjk.me\/arhiva\/wp-json\/wp\/v2\/tags?post=4369"}],"curies":[{"name":"wp","href":"https:\/\/api.w.org\/{rel}","templated":true}]}}