{"id":4337,"date":"2017-11-21T09:43:01","date_gmt":"2017-11-21T08:43:01","guid":{"rendered":"https:\/\/fcjk.me\/arhiva\/?p=4337"},"modified":"2017-11-21T09:43:01","modified_gmt":"2017-11-21T08:43:01","slug":"na-fcjk-uprilicen-omaz-krstu-pizurici","status":"publish","type":"post","link":"https:\/\/fcjk.me\/arhiva\/novosti\/na-fcjk-uprilicen-omaz-krstu-pizurici","title":{"rendered":"Na FCJK uprili\u010den Oma\u017e Krstu Pi\u017eurici"},"content":{"rendered":"<div class=\"featured-box  homepage\"><div class=\"circle\"><i class=\"fa fa-none\"><\/i><span><\/span><\/div><div class=\"featured-desc\"><h3><\/h3><p>Na Fakultetu za crnogorski jezik i knji\u017eevnost na Cetinju danas je uprili\u010den Oma\u017e Krstu Pi\u017eurici. O \u017eivotu i djelu knji\u017eevnoga istori\u010dara i kriti\u010dara Krsta Pi\u017eurice govorili su Adnan \u010cirgi\u0107, Aleksandar \u010coguri\u0107 i Aleksandar Radoman. Tim povodom familija Pi\u017eurica poklonila je Fakultetu vrijedan dar \u2013 biblioteku Krsta Pi\u017eurice, koja \u0107e uskoro biti pretvorena u njegov legat.<\/p>\n<p>Krsto Pi\u017eurica ro\u0111en je u Donjem Lipovu kraj Kola\u0161ina 1927. godine. Osnovnu \u0161kolu zavr\u0161io je u rodnome mjestu, ni\u017eu gimnaziju u Kola\u0161inu, a srednju \u0161kolu u Herceg Novome. Studij knji\u017eevnosti okon\u010dao je na Filozofskome fakultetu u Zagrebu 1953. godine. Na istome fakultetu 1974. godine odbranio je magistarski rad Strukturiranje \u017eenskih likova u Njego\u0161evu djelu pod mentorstvom Tvrtka \u010cubeli\u0107a. Doktorirao je na Filozofskome fakultetu u Nik\u0161i\u0107u s temom Pjesni\u010dka slika vode u prozi Mihaila Lali\u0107a, 2002. godine. Pi\u017eurica je radni vijek proveo u prosvjeti, najprije kao profesor gimnazije u Kola\u0161inu i Bijelom Polju, profesuru je nastavio na U\u010diteljskoj \u0161koli i Pedago\u0161koj akademiji u Nik\u0161i\u0107u, a potom bio direktor Tehni\u010dke te profesor i direktor Hemijsko-tehnolo\u0161ke \u0161kole u Podgorici. \u0160ezdesetih godina XX vijeka javlja se prilozima u ju\u017enoslovenskoj periodici, u po\u010detku pedago\u0161ko-metodi\u010dkoga usmjerenja, a ve\u0107 od sredine te decenije i radovima iz domena nauke o knji\u017eevnosti. Premda se njegov knji\u017eevnokriti\u010dki i knji\u017eevnoistorijski rad kontinuirano mo\u017ee pratiti od \u0161ezdesetih godina minuloga vijeka, prva Pi\u017euri\u010dina knjiga, Studije i paralele, pojavila se tek 1987. najaviv\u0161i izuzetno plodan period u okviru koga \u0107e od 1992. godine do danas objaviti \u010dak 19 knjiga, \u0161to monografskoga karaktera \u0161to zbirki studija i ogleda iz oblasti istorije knji\u017eevnosti i knji\u017eevne kritike. Preminuo je u Podgorici 8. VIII 2017. godine.<br \/>\nKrsto Pi\u017eurica bio je jedan od najproduktivnijih autora savremene knji\u017eevnoistorijske montenegristike. Potvr\u0111uje to spisak od 20 samostalnih knjiga, 11 prire\u0111enih izdanja i oko 200 nau\u010dnih i stru\u010dnih radova iz oblasti nauke o knji\u017eevnosti publikovanih u crnogorskoj i jugoslovenskoj periodici. No iako je spektar njegovih nau\u010dnih interesovanja \u0161irok, ne ograni\u010davaju\u0107i se \u010dak ni samo na ju\u017enoslovensku interliterarnu zajednicu, u njegovu fokusu dominantno je crnogorska knji\u017eevnost, ili jo\u0161 u\u017ee \u2013 dva njena klasika, Petar II Petrovi\u0107 Njego\u0161 i Mihailo Lali\u0107.<\/p><\/div><\/div>\n","protected":false},"excerpt":{"rendered":"","protected":false},"author":2,"featured_media":0,"comment_status":"open","ping_status":"open","sticky":false,"template":"","format":"gallery","meta":{"footnotes":""},"categories":[1],"tags":[],"_links":{"self":[{"href":"https:\/\/fcjk.me\/arhiva\/wp-json\/wp\/v2\/posts\/4337"}],"collection":[{"href":"https:\/\/fcjk.me\/arhiva\/wp-json\/wp\/v2\/posts"}],"about":[{"href":"https:\/\/fcjk.me\/arhiva\/wp-json\/wp\/v2\/types\/post"}],"author":[{"embeddable":true,"href":"https:\/\/fcjk.me\/arhiva\/wp-json\/wp\/v2\/users\/2"}],"replies":[{"embeddable":true,"href":"https:\/\/fcjk.me\/arhiva\/wp-json\/wp\/v2\/comments?post=4337"}],"version-history":[{"count":1,"href":"https:\/\/fcjk.me\/arhiva\/wp-json\/wp\/v2\/posts\/4337\/revisions"}],"predecessor-version":[{"id":4341,"href":"https:\/\/fcjk.me\/arhiva\/wp-json\/wp\/v2\/posts\/4337\/revisions\/4341"}],"wp:attachment":[{"href":"https:\/\/fcjk.me\/arhiva\/wp-json\/wp\/v2\/media?parent=4337"}],"wp:term":[{"taxonomy":"category","embeddable":true,"href":"https:\/\/fcjk.me\/arhiva\/wp-json\/wp\/v2\/categories?post=4337"},{"taxonomy":"post_tag","embeddable":true,"href":"https:\/\/fcjk.me\/arhiva\/wp-json\/wp\/v2\/tags?post=4337"}],"curies":[{"name":"wp","href":"https:\/\/api.w.org\/{rel}","templated":true}]}}