{"id":4275,"date":"2017-11-08T20:30:24","date_gmt":"2017-11-08T19:30:24","guid":{"rendered":"https:\/\/fcjk.me\/arhiva\/?p=4275"},"modified":"2017-11-08T21:08:33","modified_gmt":"2017-11-08T20:08:33","slug":"na-fcjk-odrzano-predavanje-bobana-batricevica-povodom-100-godina-od-izbijanja-oktobarske-revolucije","status":"publish","type":"post","link":"https:\/\/fcjk.me\/arhiva\/novosti\/na-fcjk-odrzano-predavanje-bobana-batricevica-povodom-100-godina-od-izbijanja-oktobarske-revolucije","title":{"rendered":"Na FCJK odr\u017eano predavanje Bobana Batri\u0107evi\u0107a povodom 100 godina od izbijanja Oktobarske revolucije"},"content":{"rendered":"","protected":false},"excerpt":{"rendered":"","protected":false},"author":1,"featured_media":0,"comment_status":"open","ping_status":"open","sticky":false,"template":"","format":"gallery","meta":{"footnotes":""},"categories":[1],"tags":[],"_links":{"self":[{"href":"https:\/\/fcjk.me\/arhiva\/wp-json\/wp\/v2\/posts\/4275"}],"collection":[{"href":"https:\/\/fcjk.me\/arhiva\/wp-json\/wp\/v2\/posts"}],"about":[{"href":"https:\/\/fcjk.me\/arhiva\/wp-json\/wp\/v2\/types\/post"}],"author":[{"embeddable":true,"href":"https:\/\/fcjk.me\/arhiva\/wp-json\/wp\/v2\/users\/1"}],"replies":[{"embeddable":true,"href":"https:\/\/fcjk.me\/arhiva\/wp-json\/wp\/v2\/comments?post=4275"}],"version-history":[{"count":1,"href":"https:\/\/fcjk.me\/arhiva\/wp-json\/wp\/v2\/posts\/4275\/revisions"}],"predecessor-version":[{"id":4276,"href":"https:\/\/fcjk.me\/arhiva\/wp-json\/wp\/v2\/posts\/4275\/revisions\/4276"}],"wp:attachment":[{"href":"https:\/\/fcjk.me\/arhiva\/wp-json\/wp\/v2\/media?parent=4275"}],"wp:term":[{"taxonomy":"category","embeddable":true,"href":"https:\/\/fcjk.me\/arhiva\/wp-json\/wp\/v2\/categories?post=4275"},{"taxonomy":"post_tag","embeddable":true,"href":"https:\/\/fcjk.me\/arhiva\/wp-json\/wp\/v2\/tags?post=4275"}],"curies":[{"name":"wp","href":"https:\/\/api.w.org\/{rel}","templated":true}]}}