{"id":4125,"date":"2017-10-07T10:02:45","date_gmt":"2017-10-07T09:02:45","guid":{"rendered":"https:\/\/fcjk.me\/arhiva\/?p=4125"},"modified":"2017-10-07T10:02:45","modified_gmt":"2017-10-07T09:02:45","slug":"na-3-internacionalnom-sajmu-knjiga-u-podgorici-odrzana-promocija-knjige-unutrasnja-strana-vremena-autorke-marijane-teric","status":"publish","type":"post","link":"https:\/\/fcjk.me\/arhiva\/novosti\/na-3-internacionalnom-sajmu-knjiga-u-podgorici-odrzana-promocija-knjige-unutrasnja-strana-vremena-autorke-marijane-teric","title":{"rendered":"Na 3. Internacionalnom sajmu knjiga u Podgorici odr\u017eana promocija knjige Unutra\u0161nja strana vremena autorke Marijane Teri\u0107"},"content":{"rendered":"","protected":false},"excerpt":{"rendered":"","protected":false},"author":2,"featured_media":4126,"comment_status":"open","ping_status":"open","sticky":false,"template":"","format":"standard","meta":{"footnotes":""},"categories":[1],"tags":[],"_links":{"self":[{"href":"https:\/\/fcjk.me\/arhiva\/wp-json\/wp\/v2\/posts\/4125"}],"collection":[{"href":"https:\/\/fcjk.me\/arhiva\/wp-json\/wp\/v2\/posts"}],"about":[{"href":"https:\/\/fcjk.me\/arhiva\/wp-json\/wp\/v2\/types\/post"}],"author":[{"embeddable":true,"href":"https:\/\/fcjk.me\/arhiva\/wp-json\/wp\/v2\/users\/2"}],"replies":[{"embeddable":true,"href":"https:\/\/fcjk.me\/arhiva\/wp-json\/wp\/v2\/comments?post=4125"}],"version-history":[{"count":1,"href":"https:\/\/fcjk.me\/arhiva\/wp-json\/wp\/v2\/posts\/4125\/revisions"}],"predecessor-version":[{"id":4127,"href":"https:\/\/fcjk.me\/arhiva\/wp-json\/wp\/v2\/posts\/4125\/revisions\/4127"}],"wp:featuredmedia":[{"embeddable":true,"href":"https:\/\/fcjk.me\/arhiva\/wp-json\/wp\/v2\/media\/4126"}],"wp:attachment":[{"href":"https:\/\/fcjk.me\/arhiva\/wp-json\/wp\/v2\/media?parent=4125"}],"wp:term":[{"taxonomy":"category","embeddable":true,"href":"https:\/\/fcjk.me\/arhiva\/wp-json\/wp\/v2\/categories?post=4125"},{"taxonomy":"post_tag","embeddable":true,"href":"https:\/\/fcjk.me\/arhiva\/wp-json\/wp\/v2\/tags?post=4125"}],"curies":[{"name":"wp","href":"https:\/\/api.w.org\/{rel}","templated":true}]}}