{"id":4115,"date":"2017-10-05T13:09:13","date_gmt":"2017-10-05T12:09:13","guid":{"rendered":"https:\/\/fcjk.me\/arhiva\/?p=4115"},"modified":"2017-10-05T13:09:53","modified_gmt":"2017-10-05T12:09:53","slug":"promocija-knjige-crnogorske-filoloske-studije-autora-milorada-nikcevica-na-3-internacionalnom-sajmu-knjiga-u-podgorici","status":"publish","type":"post","link":"https:\/\/fcjk.me\/arhiva\/novosti\/promocija-knjige-crnogorske-filoloske-studije-autora-milorada-nikcevica-na-3-internacionalnom-sajmu-knjiga-u-podgorici","title":{"rendered":"Promocija knjige Crnogorske filolo\u0161ke studije autora Milorada Nik\u010devi\u0107a na 3. Internacionalnom sajmu knjiga u Podgorici"},"content":{"rendered":"","protected":false},"excerpt":{"rendered":"","protected":false},"author":2,"featured_media":4116,"comment_status":"open","ping_status":"open","sticky":false,"template":"","format":"standard","meta":{"footnotes":""},"categories":[1],"tags":[],"_links":{"self":[{"href":"https:\/\/fcjk.me\/arhiva\/wp-json\/wp\/v2\/posts\/4115"}],"collection":[{"href":"https:\/\/fcjk.me\/arhiva\/wp-json\/wp\/v2\/posts"}],"about":[{"href":"https:\/\/fcjk.me\/arhiva\/wp-json\/wp\/v2\/types\/post"}],"author":[{"embeddable":true,"href":"https:\/\/fcjk.me\/arhiva\/wp-json\/wp\/v2\/users\/2"}],"replies":[{"embeddable":true,"href":"https:\/\/fcjk.me\/arhiva\/wp-json\/wp\/v2\/comments?post=4115"}],"version-history":[{"count":1,"href":"https:\/\/fcjk.me\/arhiva\/wp-json\/wp\/v2\/posts\/4115\/revisions"}],"predecessor-version":[{"id":4117,"href":"https:\/\/fcjk.me\/arhiva\/wp-json\/wp\/v2\/posts\/4115\/revisions\/4117"}],"wp:featuredmedia":[{"embeddable":true,"href":"https:\/\/fcjk.me\/arhiva\/wp-json\/wp\/v2\/media\/4116"}],"wp:attachment":[{"href":"https:\/\/fcjk.me\/arhiva\/wp-json\/wp\/v2\/media?parent=4115"}],"wp:term":[{"taxonomy":"category","embeddable":true,"href":"https:\/\/fcjk.me\/arhiva\/wp-json\/wp\/v2\/categories?post=4115"},{"taxonomy":"post_tag","embeddable":true,"href":"https:\/\/fcjk.me\/arhiva\/wp-json\/wp\/v2\/tags?post=4115"}],"curies":[{"name":"wp","href":"https:\/\/api.w.org\/{rel}","templated":true}]}}